{"id":1123,"date":"2016-01-05T12:29:38","date_gmt":"2016-01-05T11:29:38","guid":{"rendered":"http:\/\/fjordhest.net\/blogg\/?p=1123"},"modified":"2016-01-05T13:03:24","modified_gmt":"2016-01-05T12:03:24","slug":"unhestfinalen-for-fjordhest-2016","status":"publish","type":"post","link":"https:\/\/fjordhest.net\/blogg\/2016\/01\/05\/unhestfinalen-for-fjordhest-2016\/","title":{"rendered":"Unghestfinalen for fjordhest 2016"},"content":{"rendered":"<p>Norges Fjordhestlag takkar for s\u00f8knad fr\u00e5 Ytre Sunnhordaland Fjordhestlag om arrangering av unghestfinalen for fjordhest 2016.<\/p>\n<p>Styret i NFHL g\u00e5r for at landsfinalen vert arrangert i samband med jubileumsutstillinga 25.-26. juni 2016 p\u00e5 Stord.<\/p>\n<p>Det er \u00f8nskje om eit tett samarbeid om opplegget for \u00e5 skape status p\u00e5 tiltaket samt god marknadsf\u00f8ring for rasen !<\/p>\n<p>Ein kjem tilbake med informasjon om retningslinjene for arrangementet ved seinare h\u00f8ve.<\/p>\n<p>Mvh Norges Fjordhestlag<\/p>\n<p>Styret<\/p>\n","protected":false},"excerpt":{"rendered":"<p>Norges Fjordhestlag takkar for s\u00f8knad fr\u00e5 Ytre Sunnhordaland Fjordhestlag om arrangering av unghestfinalen for fjordhest 2016. Styret i NFHL g\u00e5r for at landsfinalen vert arrangert i samband med jubileumsutstillinga 25.-26. juni 2016 p\u00e5 Stord. Det er \u00f8nskje om eit tett samarbeid om opplegget for \u00e5 skape status p\u00e5 tiltaket samt god marknadsf\u00f8ring for rasen ! [&hellip;]<\/p>\n","protected":false},"author":1,"featured_media":1083,"comment_status":"open","ping_status":"open","sticky":false,"template":"","format":"standard","meta":{"_et_pb_use_builder":"","_et_pb_old_content":"","_et_gb_content_width":"","_exactmetrics_skip_tracking":false,"_exactmetrics_sitenote_active":false,"_exactmetrics_sitenote_note":"","_exactmetrics_sitenote_category":0,"footnotes":""},"categories":[4,5],"tags":[],"class_list":["post-1123","post","type-post","status-publish","format-standard","has-post-thumbnail","hentry","category-siste-nytt","category-styret-informerer"],"_links":{"self":[{"href":"https:\/\/fjordhest.net\/blogg\/wp-json\/wp\/v2\/posts\/1123","targetHints":{"allow":["GET"]}}],"collection":[{"href":"https:\/\/fjordhest.net\/blogg\/wp-json\/wp\/v2\/posts"}],"about":[{"href":"https:\/\/fjordhest.net\/blogg\/wp-json\/wp\/v2\/types\/post"}],"author":[{"embeddable":true,"href":"https:\/\/fjordhest.net\/blogg\/wp-json\/wp\/v2\/users\/1"}],"replies":[{"embeddable":true,"href":"https:\/\/fjordhest.net\/blogg\/wp-json\/wp\/v2\/comments?post=1123"}],"version-history":[{"count":2,"href":"https:\/\/fjordhest.net\/blogg\/wp-json\/wp\/v2\/posts\/1123\/revisions"}],"predecessor-version":[{"id":1128,"href":"https:\/\/fjordhest.net\/blogg\/wp-json\/wp\/v2\/posts\/1123\/revisions\/1128"}],"wp:featuredmedia":[{"embeddable":true,"href":"https:\/\/fjordhest.net\/blogg\/wp-json\/wp\/v2\/media\/1083"}],"wp:attachment":[{"href":"https:\/\/fjordhest.net\/blogg\/wp-json\/wp\/v2\/media?parent=1123"}],"wp:term":[{"taxonomy":"category","embeddable":true,"href":"https:\/\/fjordhest.net\/blogg\/wp-json\/wp\/v2\/categories?post=1123"},{"taxonomy":"post_tag","embeddable":true,"href":"https:\/\/fjordhest.net\/blogg\/wp-json\/wp\/v2\/tags?post=1123"}],"curies":[{"name":"wp","href":"https:\/\/api.w.org\/{rel}","templated":true}]}}