{"id":12186,"date":"2026-04-28T21:33:43","date_gmt":"2026-04-28T19:33:43","guid":{"rendered":"https:\/\/fjordhest.net\/blogg\/?p=12186"},"modified":"2026-04-28T21:49:25","modified_gmt":"2026-04-28T19:49:25","slug":"hingstar-til-utvida-bruksprove-2026","status":"publish","type":"post","link":"https:\/\/fjordhest.net\/blogg\/2026\/04\/28\/hingstar-til-utvida-bruksprove-2026\/","title":{"rendered":"Hingstar til utvida brukspr\u00f8ve 2026"},"content":{"rendered":"<p><strong>Ni hingstar er meldt til utvida brukspr\u00f8ve i 2026. Her f\u00e5r du ein kort presentasjon av dei! Alle bileta er tatt \u00e5ret hingsten vart k\u00e5ra.\u00a0<\/strong><\/p>\n<p><strong>3 Nes Tord<\/strong><br \/>\nf. 2019, k\u00e5ra 2023<br \/>\ne. Roslands Dalar u. Marion<br \/>\nOppdrettar: Trygve Nes, Eigar: Stine Berge<\/p>\n<p><img loading=\"lazy\" decoding=\"async\" class=\"aligncenter wp-image-10489\" src=\"https:\/\/fjordhest.net\/blogg\/wp-content\/uploads\/2023\/05\/17_IMG_2402-scaled.jpg\" alt=\"\" width=\"800\" height=\"584\" srcset=\"https:\/\/fjordhest.net\/blogg\/wp-content\/uploads\/2023\/05\/17_IMG_2402-1280x935.jpg 1280w, https:\/\/fjordhest.net\/blogg\/wp-content\/uploads\/2023\/05\/17_IMG_2402-980x716.jpg 980w, https:\/\/fjordhest.net\/blogg\/wp-content\/uploads\/2023\/05\/17_IMG_2402-480x351.jpg 480w\" sizes=\"auto, (min-width: 0px) and (max-width: 480px) 480px, (min-width: 481px) and (max-width: 980px) 980px, (min-width: 981px) and (max-width: 1280px) 1280px, 100vw\" \/><\/p>\n<p><strong>4 Birkelid Oberst<\/strong><br \/>\nf. 2022, k\u00e5ra 2025<br \/>\ne. Alme Baronen u. Birkelid Oda<br \/>\nOppdrettar: Vidar og Jorunn Heggheim, Eigar: Vidar og Jorunn Heggheim, Dan Ole Alme, Jostein Daltveit<\/p>\n<p><img loading=\"lazy\" decoding=\"async\" class=\"aligncenter wp-image-11741\" src=\"https:\/\/fjordhest.net\/blogg\/wp-content\/uploads\/2025\/05\/18_BirkelidOberst_IMG_0685-scaled.jpg\" alt=\"\" width=\"800\" height=\"695\" srcset=\"https:\/\/fjordhest.net\/blogg\/wp-content\/uploads\/2025\/05\/18_BirkelidOberst_IMG_0685-1280x1112.jpg 1280w, https:\/\/fjordhest.net\/blogg\/wp-content\/uploads\/2025\/05\/18_BirkelidOberst_IMG_0685-980x851.jpg 980w, https:\/\/fjordhest.net\/blogg\/wp-content\/uploads\/2025\/05\/18_BirkelidOberst_IMG_0685-480x417.jpg 480w\" sizes=\"auto, (min-width: 0px) and (max-width: 480px) 480px, (min-width: 481px) and (max-width: 980px) 980px, (min-width: 981px) and (max-width: 1280px) 1280px, 100vw\" \/><\/p>\n<p><strong>5 S\u00f8lmentor<\/strong><br \/>\nf. 2022, k\u00e5ra 2025<br \/>\ne. Askfinn u. S\u00f8lrosa<br \/>\nOppdrettar: Terje J\u00f8rgensen, Eigar: Jostein Daltveit og Marius Alsaker<\/p>\n<p><img loading=\"lazy\" decoding=\"async\" class=\"aligncenter wp-image-11742\" src=\"https:\/\/fjordhest.net\/blogg\/wp-content\/uploads\/2025\/05\/21_Solmentor_IMG_0285-scaled.jpg\" alt=\"\" width=\"800\" height=\"611\" srcset=\"https:\/\/fjordhest.net\/blogg\/wp-content\/uploads\/2025\/05\/21_Solmentor_IMG_0285-1280x978.jpg 1280w, https:\/\/fjordhest.net\/blogg\/wp-content\/uploads\/2025\/05\/21_Solmentor_IMG_0285-980x748.jpg 980w, https:\/\/fjordhest.net\/blogg\/wp-content\/uploads\/2025\/05\/21_Solmentor_IMG_0285-480x367.jpg 480w\" sizes=\"auto, (min-width: 0px) and (max-width: 480px) 480px, (min-width: 481px) and (max-width: 980px) 980px, (min-width: 981px) and (max-width: 1280px) 1280px, 100vw\" \/><\/p>\n<p><strong>6 Fj\u00f8lestad Odin<\/strong><br \/>\nf. 2022, k\u00e5ra 2025<br \/>\ne. Birkelid Odin u. Vollens Tiril<br \/>\nOppdrettar: Egil Fjellestad, Eigar: Egil Fjellestad, Svein Erik Hafstad og Dorthea Solheim<\/p>\n<p><img loading=\"lazy\" decoding=\"async\" class=\"aligncenter wp-image-11743\" src=\"https:\/\/fjordhest.net\/blogg\/wp-content\/uploads\/2025\/05\/24_FjolestadOdin_IMG_9627-scaled.jpg\" alt=\"\" width=\"800\" height=\"638\" srcset=\"https:\/\/fjordhest.net\/blogg\/wp-content\/uploads\/2025\/05\/24_FjolestadOdin_IMG_9627-1280x1021.jpg 1280w, https:\/\/fjordhest.net\/blogg\/wp-content\/uploads\/2025\/05\/24_FjolestadOdin_IMG_9627-980x782.jpg 980w, https:\/\/fjordhest.net\/blogg\/wp-content\/uploads\/2025\/05\/24_FjolestadOdin_IMG_9627-480x383.jpg 480w\" sizes=\"auto, (min-width: 0px) and (max-width: 480px) 480px, (min-width: 481px) and (max-width: 980px) 980px, (min-width: 981px) and (max-width: 1280px) 1280px, 100vw\" \/><\/p>\n<p><strong>7 Fl\u00f8gstad Balder\u00a0<\/strong><br \/>\nf. 2022, k\u00e5ra 2025<br \/>\ne. Birkelid Odin u. Fl\u00f8gstad Tuva<br \/>\nOppdrettar: Karl Anders Fl\u00f8gstad, Eigar: Karl Anders Fl\u00f8gstad og Asle Espe<\/p>\n<p><img loading=\"lazy\" decoding=\"async\" class=\"aligncenter wp-image-11744\" src=\"https:\/\/fjordhest.net\/blogg\/wp-content\/uploads\/2025\/05\/25_FlostadBalder_IMG_9827-scaled.jpg\" alt=\"\" width=\"800\" height=\"618\" srcset=\"https:\/\/fjordhest.net\/blogg\/wp-content\/uploads\/2025\/05\/25_FlostadBalder_IMG_9827-1280x989.jpg 1280w, https:\/\/fjordhest.net\/blogg\/wp-content\/uploads\/2025\/05\/25_FlostadBalder_IMG_9827-980x757.jpg 980w, https:\/\/fjordhest.net\/blogg\/wp-content\/uploads\/2025\/05\/25_FlostadBalder_IMG_9827-480x371.jpg 480w\" sizes=\"auto, (min-width: 0px) and (max-width: 480px) 480px, (min-width: 481px) and (max-width: 980px) 980px, (min-width: 981px) and (max-width: 1280px) 1280px, 100vw\" \/><\/p>\n<p><strong>8 Almas Oker<\/strong><br \/>\nf. 2022, k\u00e5ra 2025<br \/>\ne. Birkelid Owen u. Alma<br \/>\nOppdrettar og eigar: Dan Ole Alme<\/p>\n<p><img loading=\"lazy\" decoding=\"async\" class=\"aligncenter wp-image-11745\" src=\"https:\/\/fjordhest.net\/blogg\/wp-content\/uploads\/2025\/05\/26_AlmasOker_IMG_0205-scaled.jpg\" alt=\"\" width=\"800\" height=\"610\" srcset=\"https:\/\/fjordhest.net\/blogg\/wp-content\/uploads\/2025\/05\/26_AlmasOker_IMG_0205-1280x977.jpg 1280w, https:\/\/fjordhest.net\/blogg\/wp-content\/uploads\/2025\/05\/26_AlmasOker_IMG_0205-980x748.jpg 980w, https:\/\/fjordhest.net\/blogg\/wp-content\/uploads\/2025\/05\/26_AlmasOker_IMG_0205-480x366.jpg 480w\" sizes=\"auto, (min-width: 0px) and (max-width: 480px) 480px, (min-width: 481px) and (max-width: 980px) 980px, (min-width: 981px) and (max-width: 1280px) 1280px, 100vw\" \/><\/p>\n<p><strong>9 Skeidsvolls Torvald<\/strong><br \/>\nf. 2022, k\u00e5ra 2025<br \/>\ne. Myras Viking u. Stas Ninni<br \/>\nOppdrettar: Stall Skeidsvoll, Eigar: Sigrid Rypdal Gjul<\/p>\n<p><img loading=\"lazy\" decoding=\"async\" class=\"aligncenter wp-image-11746\" src=\"https:\/\/fjordhest.net\/blogg\/wp-content\/uploads\/2025\/05\/28_SkeidsvollsTorvald_IMG_0408-scaled.jpg\" alt=\"\" width=\"800\" height=\"634\" srcset=\"https:\/\/fjordhest.net\/blogg\/wp-content\/uploads\/2025\/05\/28_SkeidsvollsTorvald_IMG_0408-1280x1015.jpg 1280w, https:\/\/fjordhest.net\/blogg\/wp-content\/uploads\/2025\/05\/28_SkeidsvollsTorvald_IMG_0408-980x777.jpg 980w, https:\/\/fjordhest.net\/blogg\/wp-content\/uploads\/2025\/05\/28_SkeidsvollsTorvald_IMG_0408-480x380.jpg 480w\" sizes=\"auto, (min-width: 0px) and (max-width: 480px) 480px, (min-width: 481px) and (max-width: 980px) 980px, (min-width: 981px) and (max-width: 1280px) 1280px, 100vw\" \/><\/p>\n<p><strong>10 Zildar van den Bosdries<\/strong><br \/>\nf. 2022, k\u00e5ra 2025<br \/>\ne. Rudsmo Rune u. Ondine du Bois de Ville\u00e9<br \/>\nOppdrettar: Belgia, Eigar: Henrik Br\u00f8rby<\/p>\n<p><img loading=\"lazy\" decoding=\"async\" class=\"aligncenter wp-image-11747\" src=\"https:\/\/fjordhest.net\/blogg\/wp-content\/uploads\/2025\/05\/29_ZildarvandenBosdries_IMG_0596-scaled.jpg\" alt=\"\" width=\"800\" height=\"615\" srcset=\"https:\/\/fjordhest.net\/blogg\/wp-content\/uploads\/2025\/05\/29_ZildarvandenBosdries_IMG_0596-1280x984.jpg 1280w, https:\/\/fjordhest.net\/blogg\/wp-content\/uploads\/2025\/05\/29_ZildarvandenBosdries_IMG_0596-980x753.jpg 980w, https:\/\/fjordhest.net\/blogg\/wp-content\/uploads\/2025\/05\/29_ZildarvandenBosdries_IMG_0596-480x369.jpg 480w\" sizes=\"auto, (min-width: 0px) and (max-width: 480px) 480px, (min-width: 481px) and (max-width: 980px) 980px, (min-width: 981px) and (max-width: 1280px) 1280px, 100vw\" \/><\/p>\n<p><strong>11 Solli Rheo<\/strong><br \/>\nf. 2022, k\u00e5ra 2025<br \/>\ne. S\u00f8ljo u. Solli Rhea<br \/>\nOppdrettar: Gro og Trond L\u00f8faldli, Eigar: Trond og Anny Synn\u00f8ve L\u00f8faldli<\/p>\n<p><img loading=\"lazy\" decoding=\"async\" class=\"aligncenter wp-image-11750\" src=\"https:\/\/fjordhest.net\/blogg\/wp-content\/uploads\/2025\/05\/37_SolliRheo_IMG_0888-scaled.jpg\" alt=\"\" width=\"800\" height=\"634\" srcset=\"https:\/\/fjordhest.net\/blogg\/wp-content\/uploads\/2025\/05\/37_SolliRheo_IMG_0888-1280x1014.jpg 1280w, https:\/\/fjordhest.net\/blogg\/wp-content\/uploads\/2025\/05\/37_SolliRheo_IMG_0888-980x776.jpg 980w, https:\/\/fjordhest.net\/blogg\/wp-content\/uploads\/2025\/05\/37_SolliRheo_IMG_0888-480x380.jpg 480w\" sizes=\"auto, (min-width: 0px) and (max-width: 480px) 480px, (min-width: 481px) and (max-width: 980px) 980px, (min-width: 981px) and (max-width: 1280px) 1280px, 100vw\" \/><\/p>\n<p>&nbsp;<\/p>\n<p><strong><em>Med atterhald om at hingstar kan verte trekt undervegs i utstillinga.\u00a0<\/em><\/strong><\/p>\n","protected":false},"excerpt":{"rendered":"<p>Ni hingstar er meldt til utvida brukspr\u00f8ve i 2026. Her f\u00e5r du ein kort presentasjon av dei! Alle bileta er tatt \u00e5ret hingsten vart k\u00e5ra.\u00a0 3 Nes Tord f. 2019, k\u00e5ra 2023 e. Roslands Dalar u. Marion Oppdrettar: Trygve Nes, Eigar: Stine Berge 4 Birkelid Oberst f. 2022, k\u00e5ra 2025 e. Alme Baronen u. Birkelid [&hellip;]<\/p>\n","protected":false},"author":2,"featured_media":11741,"comment_status":"open","ping_status":"open","sticky":false,"template":"","format":"standard","meta":{"_et_pb_use_builder":"","_et_pb_old_content":"","_et_gb_content_width":"","_exactmetrics_skip_tracking":false,"_exactmetrics_sitenote_active":false,"_exactmetrics_sitenote_note":"","_exactmetrics_sitenote_category":0,"footnotes":""},"categories":[40],"tags":[],"class_list":["post-12186","post","type-post","status-publish","format-standard","has-post-thumbnail","hentry","category-hingsteutstillinga"],"_links":{"self":[{"href":"https:\/\/fjordhest.net\/blogg\/wp-json\/wp\/v2\/posts\/12186","targetHints":{"allow":["GET"]}}],"collection":[{"href":"https:\/\/fjordhest.net\/blogg\/wp-json\/wp\/v2\/posts"}],"about":[{"href":"https:\/\/fjordhest.net\/blogg\/wp-json\/wp\/v2\/types\/post"}],"author":[{"embeddable":true,"href":"https:\/\/fjordhest.net\/blogg\/wp-json\/wp\/v2\/users\/2"}],"replies":[{"embeddable":true,"href":"https:\/\/fjordhest.net\/blogg\/wp-json\/wp\/v2\/comments?post=12186"}],"version-history":[{"count":4,"href":"https:\/\/fjordhest.net\/blogg\/wp-json\/wp\/v2\/posts\/12186\/revisions"}],"predecessor-version":[{"id":12196,"href":"https:\/\/fjordhest.net\/blogg\/wp-json\/wp\/v2\/posts\/12186\/revisions\/12196"}],"wp:featuredmedia":[{"embeddable":true,"href":"https:\/\/fjordhest.net\/blogg\/wp-json\/wp\/v2\/media\/11741"}],"wp:attachment":[{"href":"https:\/\/fjordhest.net\/blogg\/wp-json\/wp\/v2\/media?parent=12186"}],"wp:term":[{"taxonomy":"category","embeddable":true,"href":"https:\/\/fjordhest.net\/blogg\/wp-json\/wp\/v2\/categories?post=12186"},{"taxonomy":"post_tag","embeddable":true,"href":"https:\/\/fjordhest.net\/blogg\/wp-json\/wp\/v2\/tags?post=12186"}],"curies":[{"name":"wp","href":"https:\/\/api.w.org\/{rel}","templated":true}]}}