{"id":5197,"date":"2018-05-05T00:39:50","date_gmt":"2018-05-04T22:39:50","guid":{"rendered":"http:\/\/fjordhest.net\/blogg\/?p=5197"},"modified":"2018-05-05T00:40:56","modified_gmt":"2018-05-04T22:40:56","slug":"oppdrettarprisen-for-2017-til-vidar-og-jorunn-heggheim","status":"publish","type":"post","link":"https:\/\/fjordhest.net\/blogg\/2018\/05\/05\/oppdrettarprisen-for-2017-til-vidar-og-jorunn-heggheim\/","title":{"rendered":"Oppdrettarprisen for 2017 til Vidar og Jorunn Heggheim"},"content":{"rendered":"<p><strong>Oppdrettarprisen for 2017 vart delt ut under utstillingsmiddagen p\u00e5 Nordfjord hotell fredag. Vinnar av den gjeve prisen er Vidar og Jorunn Heggheim.<\/strong><\/p>\n<p>\u00c5 vere b\u00e5de oppdrettar, eigar og utstillar av b\u00e5de spissen og nummer to i kvalitet i tre\u00e5rsklassen p\u00e5 hingsteutstillinga vitnar om eit godt auge for gode avlskombinasjonar og ei evne til \u00e5 vise hestane fr\u00e5 si beste side til rett tid. Det er difor vel fortent at oppdrettarprisen g\u00e5r til nettopp desse to Naustd\u00f8lane, som i tillegg var oppdrettar p\u00e5 to viste hopper i fjor.<\/p>\n<p>Birkelid Tullen e. Kornvin Freidig u. Birkelid Tulla vart spiss i tre\u00e5rsklassa p\u00e5 hingsteutstillinga i fjor. Rett bak kom Birkelid Nimo, e. Ninjar u. Birkely Monja. Nimo er det siste f\u00f8let til no avd\u00f8de Birkely Monja, som fekk 1. premie for individ og Elite for avkom. Ho har gjennom sine mange avkom bidratt positivt til fjordhestavlen dei siste \u00e5ra.<\/p>\n<div id=\"attachment_3108\" style=\"width: 610px\" class=\"wp-caption aligncenter\"><img loading=\"lazy\" decoding=\"async\" aria-describedby=\"caption-attachment-3108\" class=\"wp-image-3108\" src=\"http:\/\/fjordhest.net\/blogg\/wp-content\/uploads\/2017\/05\/IMG_8429.jpg\" alt=\"\" width=\"600\" height=\"464\" srcset=\"https:\/\/fjordhest.net\/blogg\/wp-content\/uploads\/2017\/05\/IMG_8429.jpg 1080w, https:\/\/fjordhest.net\/blogg\/wp-content\/uploads\/2017\/05\/IMG_8429-500x387.jpg 500w, https:\/\/fjordhest.net\/blogg\/wp-content\/uploads\/2017\/05\/IMG_8429-750x580.jpg 750w, https:\/\/fjordhest.net\/blogg\/wp-content\/uploads\/2017\/05\/IMG_8429-610x472.jpg 610w\" sizes=\"auto, (max-width: 600px) 100vw, 600px\" \/><p id=\"caption-attachment-3108\" class=\"wp-caption-text\">Birkelid Tullen<\/p><\/div>\n<div id=\"attachment_3102\" style=\"width: 410px\" class=\"wp-caption aligncenter\"><img loading=\"lazy\" decoding=\"async\" aria-describedby=\"caption-attachment-3102\" class=\"wp-image-3102\" src=\"http:\/\/fjordhest.net\/blogg\/wp-content\/uploads\/2017\/05\/IMG_8253.jpg\" alt=\"\" width=\"400\" height=\"541\" srcset=\"https:\/\/fjordhest.net\/blogg\/wp-content\/uploads\/2017\/05\/IMG_8253.jpg 1080w, https:\/\/fjordhest.net\/blogg\/wp-content\/uploads\/2017\/05\/IMG_8253-500x676.jpg 500w, https:\/\/fjordhest.net\/blogg\/wp-content\/uploads\/2017\/05\/IMG_8253-750x1015.jpg 750w, https:\/\/fjordhest.net\/blogg\/wp-content\/uploads\/2017\/05\/IMG_8253-610x825.jpg 610w\" sizes=\"auto, (max-width: 400px) 100vw, 400px\" \/><p id=\"caption-attachment-3102\" class=\"wp-caption-text\">Birkelid Nimo<\/p><\/div>\n<p>P\u00e5 hoppeutstillinga i F\u00f8rde fekk Birkelid Oda (e. Fl\u00f8gstad Odin u. Birkely Monja) 1. premie og vart k\u00e5ra til \u00abDagens hest\u00bb. Ho var den einaste fjordhoppa som fekk 1. premie i fjor.<\/p>\n<div id=\"attachment_4217\" style=\"width: 610px\" class=\"wp-caption aligncenter\"><img loading=\"lazy\" decoding=\"async\" aria-describedby=\"caption-attachment-4217\" class=\"wp-image-4217\" src=\"http:\/\/fjordhest.net\/blogg\/wp-content\/uploads\/2017\/08\/Nummer-8-A.jpg\" alt=\"\" width=\"600\" height=\"423\" srcset=\"https:\/\/fjordhest.net\/blogg\/wp-content\/uploads\/2017\/08\/Nummer-8-A.jpg 1080w, https:\/\/fjordhest.net\/blogg\/wp-content\/uploads\/2017\/08\/Nummer-8-A-500x353.jpg 500w, https:\/\/fjordhest.net\/blogg\/wp-content\/uploads\/2017\/08\/Nummer-8-A-750x529.jpg 750w, https:\/\/fjordhest.net\/blogg\/wp-content\/uploads\/2017\/08\/Nummer-8-A-610x430.jpg 610w\" sizes=\"auto, (max-width: 600px) 100vw, 600px\" \/><p id=\"caption-attachment-4217\" class=\"wp-caption-text\">Birkelid Oda (Foto: Inger Gr\u00f8nntun)<\/p><\/div>\n<p>To \u00e5r gamle Birkelid Huldra (e. Kamillas Tord u. Birkelid Tulla) er eigd av Audun N\u00e6s og Saija M. M\u00e4ntyl\u00e4. Ho stod spiss i to\u00e5rsklassen p\u00e5 unghestskue p\u00e5 Voss i fjor, og vart ogs\u00e5 k\u00e5ra til beste unghest under landsfinalen for unghopper i Seljord.<\/p>\n<div id=\"attachment_4290\" style=\"width: 610px\" class=\"wp-caption aligncenter\"><img loading=\"lazy\" decoding=\"async\" aria-describedby=\"caption-attachment-4290\" class=\"wp-image-4290\" src=\"http:\/\/fjordhest.net\/blogg\/wp-content\/uploads\/2017\/09\/birkelid-huldra2.jpg\" alt=\"\" width=\"600\" height=\"476\" srcset=\"https:\/\/fjordhest.net\/blogg\/wp-content\/uploads\/2017\/09\/birkelid-huldra2.jpg 1080w, https:\/\/fjordhest.net\/blogg\/wp-content\/uploads\/2017\/09\/birkelid-huldra2-500x396.jpg 500w, https:\/\/fjordhest.net\/blogg\/wp-content\/uploads\/2017\/09\/birkelid-huldra2-750x594.jpg 750w, https:\/\/fjordhest.net\/blogg\/wp-content\/uploads\/2017\/09\/birkelid-huldra2-610x483.jpg 610w\" sizes=\"auto, (max-width: 600px) 100vw, 600px\" \/><p id=\"caption-attachment-4290\" class=\"wp-caption-text\">Foto: Jorunn Heggheim<\/p><\/div>\n<p><strong>Norges Fjordhestlag gratulerer Vidar og Jorunn Heggheim med oppdrettarprisen for 2017, og takkar dei for det fantastiske arbeidet dei gjer for fjordhesten. <\/strong><\/p>\n","protected":false},"excerpt":{"rendered":"<p>Oppdrettarprisen for 2017 vart delt ut under utstillingsmiddagen p\u00e5 Nordfjord hotell fredag. Vinnar av den gjeve prisen er Vidar og Jorunn Heggheim.<\/p>\n","protected":false},"author":2,"featured_media":3108,"comment_status":"open","ping_status":"open","sticky":false,"template":"","format":"standard","meta":{"_et_pb_use_builder":"","_et_pb_old_content":"","_et_gb_content_width":"","_exactmetrics_skip_tracking":false,"_exactmetrics_sitenote_active":false,"_exactmetrics_sitenote_note":"","_exactmetrics_sitenote_category":0,"footnotes":""},"categories":[4],"tags":[188],"class_list":["post-5197","post","type-post","status-publish","format-standard","has-post-thumbnail","hentry","category-siste-nytt","tag-oppdrettarprisen"],"_links":{"self":[{"href":"https:\/\/fjordhest.net\/blogg\/wp-json\/wp\/v2\/posts\/5197","targetHints":{"allow":["GET"]}}],"collection":[{"href":"https:\/\/fjordhest.net\/blogg\/wp-json\/wp\/v2\/posts"}],"about":[{"href":"https:\/\/fjordhest.net\/blogg\/wp-json\/wp\/v2\/types\/post"}],"author":[{"embeddable":true,"href":"https:\/\/fjordhest.net\/blogg\/wp-json\/wp\/v2\/users\/2"}],"replies":[{"embeddable":true,"href":"https:\/\/fjordhest.net\/blogg\/wp-json\/wp\/v2\/comments?post=5197"}],"version-history":[{"count":2,"href":"https:\/\/fjordhest.net\/blogg\/wp-json\/wp\/v2\/posts\/5197\/revisions"}],"predecessor-version":[{"id":5199,"href":"https:\/\/fjordhest.net\/blogg\/wp-json\/wp\/v2\/posts\/5197\/revisions\/5199"}],"wp:featuredmedia":[{"embeddable":true,"href":"https:\/\/fjordhest.net\/blogg\/wp-json\/wp\/v2\/media\/3108"}],"wp:attachment":[{"href":"https:\/\/fjordhest.net\/blogg\/wp-json\/wp\/v2\/media?parent=5197"}],"wp:term":[{"taxonomy":"category","embeddable":true,"href":"https:\/\/fjordhest.net\/blogg\/wp-json\/wp\/v2\/categories?post=5197"},{"taxonomy":"post_tag","embeddable":true,"href":"https:\/\/fjordhest.net\/blogg\/wp-json\/wp\/v2\/tags?post=5197"}],"curies":[{"name":"wp","href":"https:\/\/api.w.org\/{rel}","templated":true}]}}