{"id":6427,"date":"2019-07-30T12:03:24","date_gmt":"2019-07-30T10:03:24","guid":{"rendered":"http:\/\/fjordhest.net\/blogg\/?p=6427"},"modified":"2019-07-30T12:03:24","modified_gmt":"2019-07-30T10:03:24","slug":"den-norske-troppen-er-klar-for-nordisk","status":"publish","type":"post","link":"https:\/\/fjordhest.net\/blogg\/2019\/07\/30\/den-norske-troppen-er-klar-for-nordisk\/","title":{"rendered":"Den norske troppen er klar for Nordisk"},"content":{"rendered":"<p><strong>Sytten fjordhestekvipasjer reiser denne veka til Danmark for \u00e5 konkurrere for Noreg i den Nordiske meisterskapen for fjordhest, som vert arrangert p\u00e5 Vilhelmsborg ved \u00c5rhus.\u00a0<\/strong><\/p>\n<p><em>av Ingvild Rydjord Hansen<\/em><\/p>\n<p>I den Nordiske meisterskapen er det mogleg \u00e5 konkurrere i dressur, sprang, k\u00f8yring og allround. Alle klassene g\u00e5r b\u00e5de for junior og senior. Det er s\u00e5leis mange meistrar som skal k\u00e5rast i Danmark denne veka.<\/p>\n<p>Fjordhesten Danmark melder om \u00e5tte svenske, 17 norske og over 50 danske ekvipasjer. I \u00e5r stiller ingen ekvipasjer fr\u00e5 Finland.<\/p>\n<p>Ekvipasjene som skal representere fjordhesten sitt heimland er :<\/p>\n<p>Fannemels Argon og\u00a0Trine Elisabeth Lillest\u00f8l Paulsen<br \/>\nFlemming og Cassandre Bach-Gansmo<br \/>\nJason Lundg\u00e5rd og\u00a0Sofie Dahl Kristiansen<br \/>\nJesper og Kirsti Rogstadkj\u00e6rnet<br \/>\nPryd Skov\u00e5 og Victoria Eng\u00f8y Lien<br \/>\nBl\u00e5topps Aria og Aina Benedicte Huseby<br \/>\nFreddi og Sylvia Kallekleiv Langeland<br \/>\nKornvin Freidig og Kjersti Anette Botnevik<br \/>\nNybr\u00e5tens Skumding og\u00a0Espen M\u00f8rch Andersen<br \/>\nSleipned Basland og\u00a0Vilde Hedemark Valen-Sendstad<br \/>\nR\u00e5ds Gr\u00e5a og Silje Indreb\u00f8<br \/>\nFoldas Sildre og Anders S\u00e6ther Moen<br \/>\nKapstads Herika og Trine Elisabeth Lillest\u00f8l Paulsen<br \/>\nM\u00e6hlums Argus og Signe Hoff Johannessen<br \/>\nSanders Sarek og\u00a0Freya Hagen<br \/>\nSofin og Emma Nyl\u00f8y<br \/>\nTorsheims Kira og \u00c5shild Standnes Magnes<\/p>\n<p><strong>Det norske laget<\/strong><\/p>\n<p>Klasseoppsettet i Nordisk er annleis enn p\u00e5 NM, noko som mellom anna f\u00f8rer til at ein ikkje kan starte for lag dersom ein starter det nordiske allround-samandraget. P\u00e5 grunn av dette stiller Noreg i \u00e5r med berre eitt lag, sj\u00f8lv om vi har veldig mange gode ekvipasjer med oss i troppen.<\/p>\n<div id=\"attachment_5597\" style=\"width: 410px\" class=\"wp-caption alignright\"><img loading=\"lazy\" decoding=\"async\" aria-describedby=\"caption-attachment-5597\" class=\"wp-image-5597\" src=\"http:\/\/fjordhest.net\/blogg\/wp-content\/uploads\/2018\/07\/IMG_6787web.jpg\" alt=\"\" width=\"400\" height=\"276\" srcset=\"https:\/\/fjordhest.net\/blogg\/wp-content\/uploads\/2018\/07\/IMG_6787web.jpg 1080w, https:\/\/fjordhest.net\/blogg\/wp-content\/uploads\/2018\/07\/IMG_6787web-500x345.jpg 500w, https:\/\/fjordhest.net\/blogg\/wp-content\/uploads\/2018\/07\/IMG_6787web-750x518.jpg 750w\" sizes=\"auto, (max-width: 400px) 100vw, 400px\" \/><p id=\"caption-attachment-5597\" class=\"wp-caption-text\">Anders S\u00e6ther Moen og Foldas Sildre stiller p\u00e5 det norske laget<\/p><\/div>\n<p>Dei som er plukka ut p\u00e5 det norske laget er:<\/p>\n<p><strong>Dressur:<\/strong> Jesper og Kirsti Rogstadkj\u00e6rnet<br \/>\n<strong>Sprang:<\/strong> Fannemels Argon og Trine Elisabeth Lillest\u00f8l Paulsen<br \/>\n<strong>K\u00f8yring:<\/strong> Anders S\u00e6ther Moen og Foldas Sildre<em><br \/>\n(Reserve i k\u00f8yring: Emma Nyl\u00f8y og Sofin)<\/em><\/p>\n<p><strong><br \/>\nVil du f\u00f8lge med heimefr\u00e5?<\/strong><\/p>\n<p>Stevneresultat vert pubisert fortl\u00f8pande i <a href=\"https:\/\/online.equipe.com\/en\/competitions\/32386?fbclid=IwAR0EE39MVywcfXGQ8oQ4nAN4r3yTOiOAH4jDLgewPE8500CRiK0FjkeotJ0\">Equipe<\/a>. Informasjon vert ogs\u00e5 lagt ut p\u00e5 Norges Fjordhestlag og Fjordhesten Danmark sine Facebook-sider.<\/p>\n<p><strong>Vi ynskjer alle ekvipasjane lukke til p\u00e5 Nordisk!\u00a0<\/strong><\/p>\n","protected":false},"excerpt":{"rendered":"<p>Sytten fjordhestekvipasjer reiser denne veka til Danmark for \u00e5 konkurrere for Noreg i den Nordiske meisterskapen for fjordhest, som vert arrangert p\u00e5 Vilhelmsborg ved \u00c5rhus.\u00a0<\/p>\n","protected":false},"author":2,"featured_media":5597,"comment_status":"open","ping_status":"open","sticky":false,"template":"","format":"standard","meta":{"_et_pb_use_builder":"","_et_pb_old_content":"","_et_gb_content_width":"","_exactmetrics_skip_tracking":false,"_exactmetrics_sitenote_active":false,"_exactmetrics_sitenote_note":"","_exactmetrics_sitenote_category":0,"footnotes":""},"categories":[12],"tags":[],"class_list":["post-6427","post","type-post","status-publish","format-standard","has-post-thumbnail","hentry","category-nm"],"_links":{"self":[{"href":"https:\/\/fjordhest.net\/blogg\/wp-json\/wp\/v2\/posts\/6427","targetHints":{"allow":["GET"]}}],"collection":[{"href":"https:\/\/fjordhest.net\/blogg\/wp-json\/wp\/v2\/posts"}],"about":[{"href":"https:\/\/fjordhest.net\/blogg\/wp-json\/wp\/v2\/types\/post"}],"author":[{"embeddable":true,"href":"https:\/\/fjordhest.net\/blogg\/wp-json\/wp\/v2\/users\/2"}],"replies":[{"embeddable":true,"href":"https:\/\/fjordhest.net\/blogg\/wp-json\/wp\/v2\/comments?post=6427"}],"version-history":[{"count":2,"href":"https:\/\/fjordhest.net\/blogg\/wp-json\/wp\/v2\/posts\/6427\/revisions"}],"predecessor-version":[{"id":6429,"href":"https:\/\/fjordhest.net\/blogg\/wp-json\/wp\/v2\/posts\/6427\/revisions\/6429"}],"wp:featuredmedia":[{"embeddable":true,"href":"https:\/\/fjordhest.net\/blogg\/wp-json\/wp\/v2\/media\/5597"}],"wp:attachment":[{"href":"https:\/\/fjordhest.net\/blogg\/wp-json\/wp\/v2\/media?parent=6427"}],"wp:term":[{"taxonomy":"category","embeddable":true,"href":"https:\/\/fjordhest.net\/blogg\/wp-json\/wp\/v2\/categories?post=6427"},{"taxonomy":"post_tag","embeddable":true,"href":"https:\/\/fjordhest.net\/blogg\/wp-json\/wp\/v2\/tags?post=6427"}],"curies":[{"name":"wp","href":"https:\/\/api.w.org\/{rel}","templated":true}]}}