{"id":731,"date":"2015-06-11T13:33:04","date_gmt":"2015-06-11T11:33:04","guid":{"rendered":"http:\/\/fjordhest.net\/blogg\/?p=731"},"modified":"2016-01-05T12:34:21","modified_gmt":"2016-01-05T11:34:21","slug":"referat-fra-styremote-i-norges-fjordhestlag-0515","status":"publish","type":"post","link":"https:\/\/fjordhest.net\/blogg\/2015\/06\/11\/referat-fra-styremote-i-norges-fjordhestlag-0515\/","title":{"rendered":"Referat styrem\u00f8te i Norges Fjordhestlag 05\/15"},"content":{"rendered":"<p>Tid:<br \/>\nM\u00e5ndag 11.05. 2015 Kl. 20.30<br \/>\nStad: Skype<\/p>\n<p>Tilstade: Janne Seilen, Anne-Karin L\u00f8ken, Vidar Heggheim, Kai Stein, fr\u00e5 adm. Asle Espe<\/p>\n<p><span style=\"font-style: italic;\">Saker til orientering etter f\u00f8rre m\u00f8te:<\/span><br style=\"font-style: italic;\" \/><span style=\"font-style: italic;\">&#8211; Godkjenning av referat fr\u00e5 m\u00f8te 04\/15 \u2013 utsett til neste m\u00f8te<\/span><\/p>\n<table style=\"text-align: left; width: 100%;\" border=\"0\" cellspacing=\"2\" cellpadding=\"2\">\n<tbody>\n<tr>\n<td style=\"vertical-align: top; font-weight: bold;\" width=\"100\">Sak 44\/15:<\/td>\n<td style=\"vertical-align: top;\"><span style=\"font-weight: bold;\">S\u00f8knad om dispensasjon for avlssesongen 2015 \u2013 Reita Balder<\/span><br \/>\nFire\u00e5rshingsten Reita Balder, f\u00f8rste gongs k\u00e5ra 2014, s\u00f8kjer om utsetjing p\u00e5 utvida brukspr\u00f8ver. Eigar har sendt inn veterin\u00e6rattest og grunngjeving for dette, samt s\u00f8kt om dispensasjon til bruk i avlssesongen 2015.<\/p>\n<p><span style=\"font-weight: bold;\">Vedtak:<\/span><br \/>\n<span style=\"font-style: italic;\">Styret innvilgar dispensasjon for bruk av hingsten Reita Balder for avlssesongen 2015 p\u00e5 bakgrunn av innsend dokumentasjon\/vet.attest.<\/span><\/td>\n<\/tr>\n<tr>\n<td style=\"vertical-align: top; font-weight: bold;\">Sak 45\/15:<\/td>\n<td style=\"vertical-align: top;\"><span style=\"font-weight: bold;\">Gjennomgang\/oppsummering av hingsteutstillinga 2015<\/span><br \/>\nStyret dr\u00f8ftar og oppsummerer utstillingsveka, der hensikta er \u00e5 nytte \u00e5rets erfaringar i planleggingsarbeidet for neste \u00e5r.<\/p>\n<p><span style=\"font-weight: bold;\">Vedtak:<\/span><br \/>\n<span style=\"font-style: italic;\">Det blir utarbeidd ei oppsummering etter utstillingsveka. Norsk Hestesenter f\u00e5r oversendt rapport. Oppsummeringa blir teken med i planlegginga av utstillinga neste \u00e5r.<\/span><\/td>\n<\/tr>\n<tr>\n<td style=\"vertical-align: top;\"><span style=\"font-weight: bold;\">Sak 46\/15: <\/span><\/td>\n<td style=\"vertical-align: top;\"><span style=\"font-weight: bold;\">Styrem\u00f8te under NM for Fjordhest p\u00e5 Stav<\/span><br \/>\nTidfesting av styrem\u00f8te i l\u00f8pet av NM for Fjordhest 2015.<br \/>\nFordeling av styret sine oppg\u00e5ver under NM.<\/p>\n<p><span style=\"font-weight: bold;\">Vedtak:<\/span><br \/>\n<span style=\"font-style: italic;\">Styrem\u00f8te p\u00e5 Stav 10. juli.<\/span><br style=\"font-style: italic;\" \/> <span style=\"font-style: italic;\">M\u00f8te i avlsutvalet. M\u00f8te i marknadsf\u00f8ringsutvalet og aktivitetsutvalet.<\/span><\/td>\n<\/tr>\n<tr>\n<td style=\"vertical-align: top; font-weight: bold;\">Sak 47\/15:<\/td>\n<td style=\"vertical-align: top;\"><span style=\"font-weight: bold;\">Brukspr\u00f8vesystemet \u2013 h\u00f8yringsrunden<\/span><br \/>\nLeiar orienterer om vidare arbeid med utvikling av brukspr\u00f8vesystemet.<\/p>\n<p><span style=\"font-weight: bold;\">Vedtak:<\/span><br \/>\n<span style=\"font-style: italic;\">Arbeidet er verdifullt og b\u00f8r vidaref\u00f8rast i arbeidsgruppa. Janne tek saka vidare med leiar i arbeidsgruppa. <\/span><br style=\"font-style: italic;\" \/> <span style=\"font-style: italic;\">Styret \u00f8nskjer frivillige pr\u00f8ver denne sesongen p\u00e5 utvalde utstillingar. <\/span><br style=\"font-style: italic;\" \/> <span style=\"font-style: italic;\">H\u00f8yringa blir teken vidare inn i arbeidsgruppa som arbeider vidare med dette. Oppsummeringa blir lagt p\u00e5 nett. <\/span><\/td>\n<\/tr>\n<tr>\n<td style=\"vertical-align: top; font-weight: bold;\">Sak 48\/15:<\/td>\n<td style=\"vertical-align: top;\"><span style=\"font-weight: bold;\">Eventuelt<\/span><br \/>\nForsking p\u00e5 innavl i fjordhestpopulasjonen \u2013 forskingsprosjekt ved NMBU v\/Nils Ivar Dolvik og Gunnar Klemetsdal.<\/p>\n<p><span style=\"font-weight: bold;\">Vedtak:<\/span><br \/>\n<span style=\"font-style: italic;\">Styret arbeider for \u00e5 marknadsf\u00f8re prosjektet betre og vil f\u00f8lgje prosjektet vidare.<br \/>\n<\/span><\/td>\n<\/tr>\n<tr>\n<td style=\"vertical-align: top; font-weight: bold;\">Sak 49\/15:<\/td>\n<td style=\"vertical-align: top;\"><span style=\"font-weight: bold;\">Vedr\u00f8rande s\u00f8knader om momskompensasjon fr\u00e5 underledd (lokal-, distrikts- eller fylkeslag)<\/span><br \/>\nVed eit tilfelle tidlegare har underledd s\u00f8kt om momskompensasjon via landslaget, noko som medf\u00f8rte at Norges Fjordhestlag vart p\u00e5lagt offentleg godkjend revisor. Dette gav NFL ein kostnad p\u00e5 kr 14000,- i fjor. Dette er ein kostnad som NFL ikkje kan p\u00e5dra seg i framtida.<\/p>\n<p><span style=\"font-weight: bold;\">Vedtak:<\/span><br \/>\n<span style=\"font-style: italic;\">Dersom underledd \u00f8nskjer \u00e5 s\u00f8kje om momskompensasjon via Norges Fjordhestlag, vil dette medf\u00f8re ein kostnad med godkjend revisor for landslaget. Dette er ein kostnad som landslaget ikkje har \u00f8konomisk h\u00f8ve til \u00e5 ta p\u00e5 seg. Underleddet m\u00e5 difor ta kostnaden ved dette, dersom dei s\u00f8kjer om momskompensasjon via landslaget.<br \/>\n<\/span><\/td>\n<\/tr>\n<tr>\n<td style=\"vertical-align: top; font-weight: bold;\">Sak 50\/15:<\/td>\n<td style=\"vertical-align: top;\"><span style=\"font-weight: bold;\">Orienteringssak<br \/>\n<\/span><br \/>\nE-post genressursutvalet \u2013 vil ha m\u00f8te med NFS i dialog med NFL \u2013 kven skal bidra i arbeidet med bevaring \u2013 kven skal delta p\u00e5 neste m\u00f8te (skissert i beg. av juni p\u00e5 \u00c5s eller p\u00e5 Gardermoen). Tre raselag og tre senter invitert.<\/td>\n<\/tr>\n<\/tbody>\n<\/table>\n<p>M\u00f8tet slutt: 22.30<br \/>\nNordfjordeid 11.05.2015<br \/>\nAnne-Karin L\u00f8ken<br \/>\nreferent<\/p>\n","protected":false},"excerpt":{"rendered":"<p>Tid: M\u00e5ndag 11.05. 2015 Kl. 20.30 Stad: Skype Tilstade: Janne Seilen, Anne-Karin L\u00f8ken, Vidar Heggheim, Kai Stein, fr\u00e5 adm. Asle Espe Saker til orientering etter f\u00f8rre m\u00f8te:&#8211; Godkjenning av referat fr\u00e5 m\u00f8te 04\/15 \u2013 utsett til neste m\u00f8te Sak 44\/15: S\u00f8knad om dispensasjon for avlssesongen 2015 \u2013 Reita Balder Fire\u00e5rshingsten Reita Balder, f\u00f8rste gongs k\u00e5ra [&hellip;]<\/p>\n","protected":false},"author":3,"featured_media":80,"comment_status":"open","ping_status":"open","sticky":false,"template":"","format":"standard","meta":{"_et_pb_use_builder":"","_et_pb_old_content":"","_et_gb_content_width":"","_exactmetrics_skip_tracking":false,"_exactmetrics_sitenote_active":false,"_exactmetrics_sitenote_note":"","_exactmetrics_sitenote_category":0,"footnotes":""},"categories":[1],"tags":[],"class_list":["post-731","post","type-post","status-publish","format-standard","has-post-thumbnail","hentry","category-ukategorisert"],"_links":{"self":[{"href":"https:\/\/fjordhest.net\/blogg\/wp-json\/wp\/v2\/posts\/731","targetHints":{"allow":["GET"]}}],"collection":[{"href":"https:\/\/fjordhest.net\/blogg\/wp-json\/wp\/v2\/posts"}],"about":[{"href":"https:\/\/fjordhest.net\/blogg\/wp-json\/wp\/v2\/types\/post"}],"author":[{"embeddable":true,"href":"https:\/\/fjordhest.net\/blogg\/wp-json\/wp\/v2\/users\/3"}],"replies":[{"embeddable":true,"href":"https:\/\/fjordhest.net\/blogg\/wp-json\/wp\/v2\/comments?post=731"}],"version-history":[{"count":5,"href":"https:\/\/fjordhest.net\/blogg\/wp-json\/wp\/v2\/posts\/731\/revisions"}],"predecessor-version":[{"id":1072,"href":"https:\/\/fjordhest.net\/blogg\/wp-json\/wp\/v2\/posts\/731\/revisions\/1072"}],"wp:featuredmedia":[{"embeddable":true,"href":"https:\/\/fjordhest.net\/blogg\/wp-json\/wp\/v2\/media\/80"}],"wp:attachment":[{"href":"https:\/\/fjordhest.net\/blogg\/wp-json\/wp\/v2\/media?parent=731"}],"wp:term":[{"taxonomy":"category","embeddable":true,"href":"https:\/\/fjordhest.net\/blogg\/wp-json\/wp\/v2\/categories?post=731"},{"taxonomy":"post_tag","embeddable":true,"href":"https:\/\/fjordhest.net\/blogg\/wp-json\/wp\/v2\/tags?post=731"}],"curies":[{"name":"wp","href":"https:\/\/api.w.org\/{rel}","templated":true}]}}