{"id":8173,"date":"2021-04-26T11:59:37","date_gmt":"2021-04-26T09:59:37","guid":{"rendered":"https:\/\/fjordhest.net\/blogg\/?p=8173"},"modified":"2021-04-26T11:59:37","modified_gmt":"2021-04-26T09:59:37","slug":"katalog-og-tidsskjema-til-hingsteutstillinga","status":"publish","type":"post","link":"https:\/\/fjordhest.net\/blogg\/2021\/04\/26\/katalog-og-tidsskjema-til-hingsteutstillinga\/","title":{"rendered":"Katalog og tidsskjema til hingsteutstillinga"},"content":{"rendered":"<p><img loading=\"lazy\" decoding=\"async\" class=\"aligncenter wp-image-8174\" src=\"https:\/\/fjordhest.net\/blogg\/wp-content\/uploads\/2021\/04\/IMG_1993web.jpg\" alt=\"\" width=\"700\" height=\"454\" \/><\/p>\n<p><strong>Det er berre ei veke att til \u00e5rets hingsteutstilling startar p\u00e5 Nordfjordeid. I \u00e5r vert utstillinga annleis enn den har vore f\u00f8r, men vi er sv\u00e6rt glade for at vi f\u00e5r til \u00e5 arrangere ei fysisk utstilling i \u00e5r.<\/strong><\/p>\n<p>Katalog og tidsskjema til hingsteutstillinga p\u00e5 Nordfjordeid 3.-8. mai er no klart. Det er ikkje tilgong for publikum under utstillinga, men aktivitetane gjennom veka vert str\u00f8yma p\u00e5 Norges Fjordhestlag sine nettsider. Det vert ogs\u00e5 h\u00f8ve til \u00e5 sj\u00e5 opptak fr\u00e5 dei enkelte dagane.<\/p>\n<p><a href=\"https:\/\/www.spleis.no\/project\/168904\">Vi har oppretta ein Spleis<\/a> slik at lokallag, privatpersonar og firma har h\u00f8ve til \u00e5 st\u00f8tte oss \u00f8konomisk til str\u00f8yminga av utstillinga. Du kan ogs\u00e5 st\u00f8tte oss p\u00e5 Vipps 536522.<\/p>\n<p><a href=\"https:\/\/fjordhest.net\/blogg\/wp-content\/uploads\/2021\/04\/Tidsskjema-hingsteutstillinga-for-fjordhest-2021.pdf\">Tidskkjema til utstillinga<\/a><br \/>\n<a href=\"https:\/\/fjordhest.net\/blogg\/wp-content\/uploads\/2021\/04\/Komplett-katalog.pdf\">Komplett katalog<\/a><\/p>\n","protected":false},"excerpt":{"rendered":"<p>Det er berre ei veke att til \u00e5rets hingsteutstilling startar p\u00e5 Nordfjordeid. I \u00e5r vert utstillinga annleis enn den har vore f\u00f8r, men vi er sv\u00e6rt glade for at vi f\u00e5r til \u00e5 arrangere ei fysisk utstilling i \u00e5r. Katalog og tidsskjema til hingsteutstillinga p\u00e5 Nordfjordeid 3.-8. mai er no klart. Det er ikkje tilgong [&hellip;]<\/p>\n","protected":false},"author":2,"featured_media":8174,"comment_status":"open","ping_status":"open","sticky":false,"template":"","format":"standard","meta":{"_et_pb_use_builder":"","_et_pb_old_content":"","_et_gb_content_width":"","_exactmetrics_skip_tracking":false,"_exactmetrics_sitenote_active":false,"_exactmetrics_sitenote_note":"","_exactmetrics_sitenote_category":0,"footnotes":""},"categories":[40],"tags":[],"class_list":["post-8173","post","type-post","status-publish","format-standard","has-post-thumbnail","hentry","category-hingsteutstillinga"],"_links":{"self":[{"href":"https:\/\/fjordhest.net\/blogg\/wp-json\/wp\/v2\/posts\/8173","targetHints":{"allow":["GET"]}}],"collection":[{"href":"https:\/\/fjordhest.net\/blogg\/wp-json\/wp\/v2\/posts"}],"about":[{"href":"https:\/\/fjordhest.net\/blogg\/wp-json\/wp\/v2\/types\/post"}],"author":[{"embeddable":true,"href":"https:\/\/fjordhest.net\/blogg\/wp-json\/wp\/v2\/users\/2"}],"replies":[{"embeddable":true,"href":"https:\/\/fjordhest.net\/blogg\/wp-json\/wp\/v2\/comments?post=8173"}],"version-history":[{"count":3,"href":"https:\/\/fjordhest.net\/blogg\/wp-json\/wp\/v2\/posts\/8173\/revisions"}],"predecessor-version":[{"id":8180,"href":"https:\/\/fjordhest.net\/blogg\/wp-json\/wp\/v2\/posts\/8173\/revisions\/8180"}],"wp:featuredmedia":[{"embeddable":true,"href":"https:\/\/fjordhest.net\/blogg\/wp-json\/wp\/v2\/media\/8174"}],"wp:attachment":[{"href":"https:\/\/fjordhest.net\/blogg\/wp-json\/wp\/v2\/media?parent=8173"}],"wp:term":[{"taxonomy":"category","embeddable":true,"href":"https:\/\/fjordhest.net\/blogg\/wp-json\/wp\/v2\/categories?post=8173"},{"taxonomy":"post_tag","embeddable":true,"href":"https:\/\/fjordhest.net\/blogg\/wp-json\/wp\/v2\/tags?post=8173"}],"curies":[{"name":"wp","href":"https:\/\/api.w.org\/{rel}","templated":true}]}}