{"id":8645,"date":"2021-05-08T17:12:00","date_gmt":"2021-05-08T15:12:00","guid":{"rendered":"https:\/\/fjordhest.net\/blogg\/?p=8645"},"modified":"2021-05-08T17:12:00","modified_gmt":"2021-05-08T15:12:00","slug":"resultat-fra-hingsteutstillinga-2021","status":"publish","type":"post","link":"https:\/\/fjordhest.net\/blogg\/2021\/05\/08\/resultat-fra-hingsteutstillinga-2021\/","title":{"rendered":"Resultat fr\u00e5 hingsteutstillinga 2021"},"content":{"rendered":"<p><strong>45 hingstar vart vist p\u00e5 hingsteutstillinga p\u00e5 Nordfjordeid i 2021. Her finn du oversikt over alle hingstane med karakterar og k\u00e5rings- eller premiegrad.<\/strong><\/p>\n<p><strong>Klasse 1a<\/strong><\/p>\n<p><strong>1 Myras Viking f. 2008<\/strong><\/p>\n<p>e. Rossmann u. Vestrejenta<br \/>\nOppdrettar: Ingrid Aarnes<br \/>\nEigar: Kjersti Rypdal Vik og \u00d8ystein Gjul<\/p>\n<p>8-7,5-7-7,5-7,5<br \/>\n3. premie<\/p>\n<p><img loading=\"lazy\" decoding=\"async\" class=\"aligncenter wp-image-8639\" src=\"https:\/\/fjordhest.net\/blogg\/wp-content\/uploads\/2021\/05\/IMG_8022web.jpg\" alt=\"\" width=\"800\" height=\"601\" srcset=\"https:\/\/fjordhest.net\/blogg\/wp-content\/uploads\/2021\/05\/IMG_8022web-980x737.jpg 980w, https:\/\/fjordhest.net\/blogg\/wp-content\/uploads\/2021\/05\/IMG_8022web-480x361.jpg 480w\" sizes=\"auto, (min-width: 0px) and (max-width: 480px) 480px, (min-width: 481px) and (max-width: 980px) 980px, 100vw\" \/><\/p>\n<p><strong>2 S\u00f8lrei f. 2012<\/strong><\/p>\n<p>e. Reimar u. Engja S\u00f8lja<br \/>\nOppdrettar: Terje J\u00f8rgensen<br \/>\nEigar: Hege N\u00e6ss<\/p>\n<p>8-8-7,5-7,5-8<br \/>\n2. premie<\/p>\n<p><img loading=\"lazy\" decoding=\"async\" class=\"aligncenter wp-image-8640\" src=\"https:\/\/fjordhest.net\/blogg\/wp-content\/uploads\/2021\/05\/IMG_8102web.jpg\" alt=\"\" width=\"800\" height=\"621\" srcset=\"https:\/\/fjordhest.net\/blogg\/wp-content\/uploads\/2021\/05\/IMG_8102web-980x760.jpg 980w, https:\/\/fjordhest.net\/blogg\/wp-content\/uploads\/2021\/05\/IMG_8102web-480x372.jpg 480w\" sizes=\"auto, (min-width: 0px) and (max-width: 480px) 480px, (min-width: 481px) and (max-width: 980px) 980px, 100vw\" \/><\/p>\n<p><strong>Klasse 1b<\/strong><\/p>\n<p><strong>3 Gandhi (SE) f. 2009<br \/>\n<\/strong><br \/>\ne. Ronjas Ben Hur u. Vallis<br \/>\nEigar og oppdrettar: Ylva Nilsson (Sverige)<\/p>\n<p>7-7-6,5-8-7<br \/>\nIkkje k\u00e5ra<\/p>\n<p><img loading=\"lazy\" decoding=\"async\" class=\"aligncenter wp-image-8641\" src=\"https:\/\/fjordhest.net\/blogg\/wp-content\/uploads\/2021\/05\/IMG_8185web.jpg\" alt=\"\" width=\"800\" height=\"610\" \/><\/p>\n<p><strong>4 Nybr\u00e5tens S\u00f8lvprinsen f. 2014<\/strong><\/p>\n<p>e. Skraaruds Gr\u00e5tass u. Nybr\u00e5tens Skumring<br \/>\nOppdrettar: Hege og Geir Anton Nybr\u00e5ten<br \/>\nEigar: Heidi Braadland Bekkelund<\/p>\n<p>6,5-7-7-7-7<br \/>\nIkkje k\u00e5ra<\/p>\n<p><img loading=\"lazy\" decoding=\"async\" class=\"aligncenter wp-image-8642\" src=\"https:\/\/fjordhest.net\/blogg\/wp-content\/uploads\/2021\/05\/IMG_8216web.jpg\" alt=\"\" width=\"800\" height=\"567\" \/><\/p>\n<p><strong>5 Strupens Lukas f. 2014<\/strong><\/p>\n<p>e. Turbo Romeo u. Strupens Lisa<br \/>\nOppdrettar: Siv Torill Gjerl\u00f8v<br \/>\nEigar: Elisabeth Haraldsvik<\/p>\n<p>7-7-7-7-7<br \/>\nIkkje k\u00e5ra<\/p>\n<p><img loading=\"lazy\" decoding=\"async\" class=\"aligncenter size-full wp-image-8638\" src=\"https:\/\/fjordhest.net\/blogg\/wp-content\/uploads\/2021\/05\/IMG_8008web.jpg\" alt=\"\" width=\"1080\" height=\"836\" srcset=\"https:\/\/fjordhest.net\/blogg\/wp-content\/uploads\/2021\/05\/IMG_8008web.jpg 1080w, https:\/\/fjordhest.net\/blogg\/wp-content\/uploads\/2021\/05\/IMG_8008web-980x759.jpg 980w, https:\/\/fjordhest.net\/blogg\/wp-content\/uploads\/2021\/05\/IMG_8008web-480x372.jpg 480w\" sizes=\"auto, (min-width: 0px) and (max-width: 480px) 480px, (min-width: 481px) and (max-width: 980px) 980px, (min-width: 981px) 1080px, 100vw\" \/><\/p>\n<p>6 Solsidens Ismael f. 2015<\/p>\n<p>e. Kornvin Freidig u. Solsidens Isrose<br \/>\nEigar og oppdrettar: Kristin Vinsrygg<\/p>\n<p>6,5-7-7-6,5-7<br \/>\nIkkje k\u00e5ra<\/p>\n<p><img loading=\"lazy\" decoding=\"async\" class=\"aligncenter size-full wp-image-8643\" src=\"https:\/\/fjordhest.net\/blogg\/wp-content\/uploads\/2021\/05\/IMG_8264web.jpg\" alt=\"\" width=\"1080\" height=\"810\" srcset=\"https:\/\/fjordhest.net\/blogg\/wp-content\/uploads\/2021\/05\/IMG_8264web.jpg 1080w, https:\/\/fjordhest.net\/blogg\/wp-content\/uploads\/2021\/05\/IMG_8264web-980x735.jpg 980w, https:\/\/fjordhest.net\/blogg\/wp-content\/uploads\/2021\/05\/IMG_8264web-480x360.jpg 480w\" sizes=\"auto, (min-width: 0px) and (max-width: 480px) 480px, (min-width: 481px) and (max-width: 980px) 980px, (min-width: 981px) 1080px, 100vw\" \/><\/p>\n<p><strong>Klasse 2UB &#8211; hingstar 5 \u00e5r og eldre<\/strong><\/p>\n<p><strong>7 Nordbustad Frikk <\/strong><strong>f. 2013<br \/>\n<\/strong><br \/>\ne. Ninjar u. Maggedutti<br \/>\nOppdrettar: Selmer Nordbustad<br \/>\nEigar: Langedrag Naturpark<\/p>\n<p>8-8-8-8,5-8<br \/>\n2. premie II kval<\/p>\n<p><img loading=\"lazy\" decoding=\"async\" class=\"aligncenter size-full wp-image-8601\" src=\"https:\/\/fjordhest.net\/blogg\/wp-content\/uploads\/2021\/05\/IMG_2633web.jpg\" alt=\"\" width=\"1080\" height=\"853\" srcset=\"https:\/\/fjordhest.net\/blogg\/wp-content\/uploads\/2021\/05\/IMG_2633web.jpg 1080w, https:\/\/fjordhest.net\/blogg\/wp-content\/uploads\/2021\/05\/IMG_2633web-980x774.jpg 980w, https:\/\/fjordhest.net\/blogg\/wp-content\/uploads\/2021\/05\/IMG_2633web-480x379.jpg 480w\" sizes=\"auto, (min-width: 0px) and (max-width: 480px) 480px, (min-width: 481px) and (max-width: 980px) 980px, (min-width: 981px) 1080px, 100vw\" \/><\/p>\n<p><strong>8 Brekke Solan f. 2016<\/strong><\/p>\n<p>e. Brijol u. Brekke Sol<br \/>\nOppdrettar: Anita Mari Brekke<br \/>\nEigar: Anne Marit L\u00f8faldli<\/p>\n<p>6,5-7,5-7-6,5-6,5<br \/>\nIkkje premiert<\/p>\n<p><img loading=\"lazy\" decoding=\"async\" class=\"aligncenter size-full wp-image-8600\" src=\"https:\/\/fjordhest.net\/blogg\/wp-content\/uploads\/2021\/05\/IMG_2600web.jpg\" alt=\"\" width=\"1080\" height=\"778\" srcset=\"https:\/\/fjordhest.net\/blogg\/wp-content\/uploads\/2021\/05\/IMG_2600web.jpg 1080w, https:\/\/fjordhest.net\/blogg\/wp-content\/uploads\/2021\/05\/IMG_2600web-980x706.jpg 980w, https:\/\/fjordhest.net\/blogg\/wp-content\/uploads\/2021\/05\/IMG_2600web-480x346.jpg 480w\" sizes=\"auto, (min-width: 0px) and (max-width: 480px) 480px, (min-width: 481px) and (max-width: 980px) 980px, (min-width: 981px) 1080px, 100vw\" \/><\/p>\n<p><strong>9 Kornvin Brisen f. 2016<\/strong><\/p>\n<p>e. Brijol u. Kornvin Tulla<br \/>\nOppdrettar: Olav Botnevik<br \/>\nEigar: Kari Tr\u00e6en \u00d8vsteb\u00f8<\/p>\n<p>7,5-7-7-8-7<br \/>\nIkkje premiert<\/p>\n<p><img loading=\"lazy\" decoding=\"async\" class=\"aligncenter size-full wp-image-8602\" src=\"https:\/\/fjordhest.net\/blogg\/wp-content\/uploads\/2021\/05\/IMG_2739web.jpg\" alt=\"\" width=\"1080\" height=\"893\" srcset=\"https:\/\/fjordhest.net\/blogg\/wp-content\/uploads\/2021\/05\/IMG_2739web.jpg 1080w, https:\/\/fjordhest.net\/blogg\/wp-content\/uploads\/2021\/05\/IMG_2739web-980x810.jpg 980w, https:\/\/fjordhest.net\/blogg\/wp-content\/uploads\/2021\/05\/IMG_2739web-480x397.jpg 480w\" sizes=\"auto, (min-width: 0px) and (max-width: 480px) 480px, (min-width: 481px) and (max-width: 980px) 980px, (min-width: 981px) 1080px, 100vw\" \/><\/p>\n<p><strong>10 Soltuns Trym f. 2016<\/strong><\/p>\n<p>e. Brijol u. Linn<br \/>\nOppdrettar: Christine Bakkane<br \/>\nEigar: Liv Jorunn Nyhagen<\/p>\n<p>8-8,5-7-8-8<br \/>\n2. premie III kval<\/p>\n<p><img loading=\"lazy\" decoding=\"async\" class=\"aligncenter size-full wp-image-8603\" src=\"https:\/\/fjordhest.net\/blogg\/wp-content\/uploads\/2021\/05\/IMG_2877web.jpg\" alt=\"\" width=\"1080\" height=\"833\" srcset=\"https:\/\/fjordhest.net\/blogg\/wp-content\/uploads\/2021\/05\/IMG_2877web.jpg 1080w, https:\/\/fjordhest.net\/blogg\/wp-content\/uploads\/2021\/05\/IMG_2877web-980x756.jpg 980w, https:\/\/fjordhest.net\/blogg\/wp-content\/uploads\/2021\/05\/IMG_2877web-480x370.jpg 480w\" sizes=\"auto, (min-width: 0px) and (max-width: 480px) 480px, (min-width: 481px) and (max-width: 980px) 980px, (min-width: 981px) 1080px, 100vw\" \/><\/p>\n<p><strong>11 Bj\u00f8rlos Rico f. 2016<\/strong><\/p>\n<p>e. Glibings Ajs u. Bindern\u00e6s Guld-Rose<br \/>\nOppdrettar: Danmark<br \/>\nEigar: Kari Sefland Bj\u00f8rlo<\/p>\n<p>6-7-6,5-7-7<br \/>\nIkkje premiert<\/p>\n<p><img loading=\"lazy\" decoding=\"async\" class=\"aligncenter size-full wp-image-8605\" src=\"https:\/\/fjordhest.net\/blogg\/wp-content\/uploads\/2021\/05\/IMG_2997web.jpg\" alt=\"\" width=\"1080\" height=\"840\" srcset=\"https:\/\/fjordhest.net\/blogg\/wp-content\/uploads\/2021\/05\/IMG_2997web.jpg 1080w, https:\/\/fjordhest.net\/blogg\/wp-content\/uploads\/2021\/05\/IMG_2997web-980x762.jpg 980w, https:\/\/fjordhest.net\/blogg\/wp-content\/uploads\/2021\/05\/IMG_2997web-480x373.jpg 480w\" sizes=\"auto, (min-width: 0px) and (max-width: 480px) 480px, (min-width: 481px) and (max-width: 980px) 980px, (min-width: 981px) 1080px, 100vw\" \/><\/p>\n<p><strong>12 Lyheims Leik\u00a0f. 2016<\/strong><\/p>\n<p>e. Kneist u. Siri Hero<br \/>\nEigar og oppdrettar: Lucinda Bj\u00f8rnset Reksten<\/p>\n<p>7,5-7,5-6,5-7-7<br \/>\nIkkje premiert<\/p>\n<p><img loading=\"lazy\" decoding=\"async\" class=\"aligncenter size-full wp-image-8604\" src=\"https:\/\/fjordhest.net\/blogg\/wp-content\/uploads\/2021\/05\/IMG_2965web.jpg\" alt=\"\" width=\"1080\" height=\"828\" srcset=\"https:\/\/fjordhest.net\/blogg\/wp-content\/uploads\/2021\/05\/IMG_2965web.jpg 1080w, https:\/\/fjordhest.net\/blogg\/wp-content\/uploads\/2021\/05\/IMG_2965web-980x751.jpg 980w, https:\/\/fjordhest.net\/blogg\/wp-content\/uploads\/2021\/05\/IMG_2965web-480x368.jpg 480w\" sizes=\"auto, (min-width: 0px) and (max-width: 480px) 480px, (min-width: 481px) and (max-width: 980px) 980px, (min-width: 981px) 1080px, 100vw\" \/><\/p>\n<p><strong>14 Myras Monrad f. 2016<\/strong><\/p>\n<p>e. Nytuns Heiden u. Myrtussa<br \/>\nEigar og oppdrettar: Ingrid Aarnes<\/p>\n<p>7,5-7,5-7-7,5-7,5<br \/>\nIkkje premiert<\/p>\n<p><img loading=\"lazy\" decoding=\"async\" class=\"aligncenter size-full wp-image-8607\" src=\"https:\/\/fjordhest.net\/blogg\/wp-content\/uploads\/2021\/05\/IMG_3472web.jpg\" alt=\"\" width=\"1080\" height=\"807\" srcset=\"https:\/\/fjordhest.net\/blogg\/wp-content\/uploads\/2021\/05\/IMG_3472web.jpg 1080w, https:\/\/fjordhest.net\/blogg\/wp-content\/uploads\/2021\/05\/IMG_3472web-980x732.jpg 980w, https:\/\/fjordhest.net\/blogg\/wp-content\/uploads\/2021\/05\/IMG_3472web-480x359.jpg 480w\" sizes=\"auto, (min-width: 0px) and (max-width: 480px) 480px, (min-width: 481px) and (max-width: 980px) 980px, (min-width: 981px) 1080px, 100vw\" \/><\/p>\n<p><strong>15 Silverjo f. 2016<\/strong><\/p>\n<p>e. S\u00f8ljo u. Mykle Nina<br \/>\nOppdrettar: Jan Even Myklebust<br \/>\nEigar: Svein Erik Hafstad<\/p>\n<p>9,5-9-8-9-9<br \/>\n1. premie I kval<\/p>\n<p><img loading=\"lazy\" decoding=\"async\" class=\"aligncenter size-full wp-image-8609\" src=\"https:\/\/fjordhest.net\/blogg\/wp-content\/uploads\/2021\/05\/IMG_3611web.jpg\" alt=\"\" width=\"1080\" height=\"836\" srcset=\"https:\/\/fjordhest.net\/blogg\/wp-content\/uploads\/2021\/05\/IMG_3611web.jpg 1080w, https:\/\/fjordhest.net\/blogg\/wp-content\/uploads\/2021\/05\/IMG_3611web-980x759.jpg 980w, https:\/\/fjordhest.net\/blogg\/wp-content\/uploads\/2021\/05\/IMG_3611web-480x372.jpg 480w\" sizes=\"auto, (min-width: 0px) and (max-width: 480px) 480px, (min-width: 481px) and (max-width: 980px) 980px, (min-width: 981px) 1080px, 100vw\" \/><\/p>\n<p><strong>16 Mathisdals Einer f. 2016<\/strong><\/p>\n<p>e. Volls Birk u. Fannemels Bjella<br \/>\nEigar og oppdrettar: Marit Kjellmann<\/p>\n<p>7,5-7,5-6,5-7-7<br \/>\nIkkje premiert<\/p>\n<p><img loading=\"lazy\" decoding=\"async\" class=\"aligncenter size-full wp-image-8608\" src=\"https:\/\/fjordhest.net\/blogg\/wp-content\/uploads\/2021\/05\/IMG_3496web.jpg\" alt=\"\" width=\"1080\" height=\"821\" srcset=\"https:\/\/fjordhest.net\/blogg\/wp-content\/uploads\/2021\/05\/IMG_3496web.jpg 1080w, https:\/\/fjordhest.net\/blogg\/wp-content\/uploads\/2021\/05\/IMG_3496web-980x745.jpg 980w, https:\/\/fjordhest.net\/blogg\/wp-content\/uploads\/2021\/05\/IMG_3496web-480x365.jpg 480w\" sizes=\"auto, (min-width: 0px) and (max-width: 480px) 480px, (min-width: 481px) and (max-width: 980px) 980px, (min-width: 981px) 1080px, 100vw\" \/><\/p>\n<p><strong>Klasse 2UB &#8211; hingstar 4 \u00e5r<\/strong><\/p>\n<p><strong>17 Feedt Jarlen f. 2017<\/strong><\/p>\n<p>e. Alme Baronen u. Feedts Linda<br \/>\nOppdrettar: Samson Feedt<br \/>\nEigar: Langedrag Naturpark<\/p>\n<p>8-7-7-8-7,5<br \/>\n3. premie<\/p>\n<p><img loading=\"lazy\" decoding=\"async\" class=\"aligncenter size-full wp-image-8606\" src=\"https:\/\/fjordhest.net\/blogg\/wp-content\/uploads\/2021\/05\/IMG_3421web.jpg\" alt=\"\" width=\"1080\" height=\"862\" srcset=\"https:\/\/fjordhest.net\/blogg\/wp-content\/uploads\/2021\/05\/IMG_3421web.jpg 1080w, https:\/\/fjordhest.net\/blogg\/wp-content\/uploads\/2021\/05\/IMG_3421web-980x782.jpg 980w, https:\/\/fjordhest.net\/blogg\/wp-content\/uploads\/2021\/05\/IMG_3421web-480x383.jpg 480w\" sizes=\"auto, (min-width: 0px) and (max-width: 480px) 480px, (min-width: 481px) and (max-width: 980px) 980px, (min-width: 981px) 1080px, 100vw\" \/><\/p>\n<p><strong>18 Lunner Runar f. 2017<\/strong><\/p>\n<p>e. Elvar u. Lunner Runa<br \/>\nEigar og oppdrettar: Kristian Bakken og Laila Kolvik<\/p>\n<p>7-7,5-6,5-8-7<br \/>\nIkkje premiert<\/p>\n<p><img loading=\"lazy\" decoding=\"async\" class=\"aligncenter size-full wp-image-8610\" src=\"https:\/\/fjordhest.net\/blogg\/wp-content\/uploads\/2021\/05\/IMG_3815web.jpg\" alt=\"\" width=\"1080\" height=\"846\" srcset=\"https:\/\/fjordhest.net\/blogg\/wp-content\/uploads\/2021\/05\/IMG_3815web.jpg 1080w, https:\/\/fjordhest.net\/blogg\/wp-content\/uploads\/2021\/05\/IMG_3815web-980x768.jpg 980w, https:\/\/fjordhest.net\/blogg\/wp-content\/uploads\/2021\/05\/IMG_3815web-480x376.jpg 480w\" sizes=\"auto, (min-width: 0px) and (max-width: 480px) 480px, (min-width: 481px) and (max-width: 980px) 980px, (min-width: 981px) 1080px, 100vw\" \/><\/p>\n<p><strong>19 Dreyerstuas Ivan f. 2017<\/strong><\/p>\n<p>e. Fjell Finn u. Hjortlands Heidi<br \/>\nEigar og oppdrettar: Ann Kristin Engset<\/p>\n<p>7,5-7,5-7-6,5-7<br \/>\nIkkje premiert<\/p>\n<p><img loading=\"lazy\" decoding=\"async\" class=\"aligncenter size-full wp-image-8611\" src=\"https:\/\/fjordhest.net\/blogg\/wp-content\/uploads\/2021\/05\/IMG_3863web.jpg\" alt=\"\" width=\"1080\" height=\"832\" srcset=\"https:\/\/fjordhest.net\/blogg\/wp-content\/uploads\/2021\/05\/IMG_3863web.jpg 1080w, https:\/\/fjordhest.net\/blogg\/wp-content\/uploads\/2021\/05\/IMG_3863web-980x755.jpg 980w, https:\/\/fjordhest.net\/blogg\/wp-content\/uploads\/2021\/05\/IMG_3863web-480x370.jpg 480w\" sizes=\"auto, (min-width: 0px) and (max-width: 480px) 480px, (min-width: 481px) and (max-width: 980px) 980px, (min-width: 981px) 1080px, 100vw\" \/><\/p>\n<p><strong>20 Nyg\u00e5rds Gurven f. 2017<\/strong><\/p>\n<p>e. Fjell Finn u. H\u00f8ylands Luna<br \/>\nEigar og oppdrettar: Sissel Marie Gurvin<\/p>\n<p>9-9-7-9-8,5<br \/>\n2. premie II kval<\/p>\n<p><img loading=\"lazy\" decoding=\"async\" class=\"aligncenter size-full wp-image-8612\" src=\"https:\/\/fjordhest.net\/blogg\/wp-content\/uploads\/2021\/05\/IMG_3966web.jpg\" alt=\"\" width=\"1080\" height=\"870\" srcset=\"https:\/\/fjordhest.net\/blogg\/wp-content\/uploads\/2021\/05\/IMG_3966web.jpg 1080w, https:\/\/fjordhest.net\/blogg\/wp-content\/uploads\/2021\/05\/IMG_3966web-980x789.jpg 980w, https:\/\/fjordhest.net\/blogg\/wp-content\/uploads\/2021\/05\/IMG_3966web-480x387.jpg 480w\" sizes=\"auto, (min-width: 0px) and (max-width: 480px) 480px, (min-width: 481px) and (max-width: 980px) 980px, (min-width: 981px) 1080px, 100vw\" \/><\/p>\n<p><strong>21 \u00c5r\u00f8y Eilif f. 2017<\/strong><\/p>\n<p>e. Fjell Finn u. Eidny<br \/>\nEigar og oppdrettar: Linda Beate Svoren<\/p>\n<p>7-7,5-7-7,5-7<br \/>\nIkkje premiert<\/p>\n<p><img loading=\"lazy\" decoding=\"async\" class=\"aligncenter size-full wp-image-8615\" src=\"https:\/\/fjordhest.net\/blogg\/wp-content\/uploads\/2021\/05\/IMG_4544web.jpg\" alt=\"\" width=\"1080\" height=\"809\" srcset=\"https:\/\/fjordhest.net\/blogg\/wp-content\/uploads\/2021\/05\/IMG_4544web.jpg 1080w, https:\/\/fjordhest.net\/blogg\/wp-content\/uploads\/2021\/05\/IMG_4544web-980x734.jpg 980w, https:\/\/fjordhest.net\/blogg\/wp-content\/uploads\/2021\/05\/IMG_4544web-480x360.jpg 480w\" sizes=\"auto, (min-width: 0px) and (max-width: 480px) 480px, (min-width: 481px) and (max-width: 980px) 980px, (min-width: 981px) 1080px, 100vw\" \/><\/p>\n<p><strong>22 B\u00f8 Theo f. 2017<\/strong><\/p>\n<p>e. Gl\u00f8d u. B\u00f8 Emilie<br \/>\nEigar og oppdrettar: Tina Eide og Jonfinn B\u00f8<\/p>\n<p>8-8-7,5-8-8<br \/>\n2. premie III kval<\/p>\n<p><img loading=\"lazy\" decoding=\"async\" class=\"aligncenter size-full wp-image-8616\" src=\"https:\/\/fjordhest.net\/blogg\/wp-content\/uploads\/2021\/05\/IMG_4703web.jpg\" alt=\"\" width=\"1080\" height=\"805\" srcset=\"https:\/\/fjordhest.net\/blogg\/wp-content\/uploads\/2021\/05\/IMG_4703web.jpg 1080w, https:\/\/fjordhest.net\/blogg\/wp-content\/uploads\/2021\/05\/IMG_4703web-980x730.jpg 980w, https:\/\/fjordhest.net\/blogg\/wp-content\/uploads\/2021\/05\/IMG_4703web-480x358.jpg 480w\" sizes=\"auto, (min-width: 0px) and (max-width: 480px) 480px, (min-width: 481px) and (max-width: 980px) 980px, (min-width: 981px) 1080px, 100vw\" \/><\/p>\n<p><strong>23 Almas Blink f. 2017<\/strong><\/p>\n<p>e. H\u00f8jgaards Nicko u. Alma<br \/>\nOppdrettar: Dan Ole Alme<br \/>\nEigar: Indre Nordm\u00f8re Fjordhestlag<\/p>\n<p>8-8-6-8-7<br \/>\nIkkje premiert<\/p>\n<p><img loading=\"lazy\" decoding=\"async\" class=\"aligncenter size-full wp-image-8614\" src=\"https:\/\/fjordhest.net\/blogg\/wp-content\/uploads\/2021\/05\/IMG_4495web.jpg\" alt=\"\" width=\"1080\" height=\"888\" srcset=\"https:\/\/fjordhest.net\/blogg\/wp-content\/uploads\/2021\/05\/IMG_4495web.jpg 1080w, https:\/\/fjordhest.net\/blogg\/wp-content\/uploads\/2021\/05\/IMG_4495web-980x806.jpg 980w, https:\/\/fjordhest.net\/blogg\/wp-content\/uploads\/2021\/05\/IMG_4495web-480x395.jpg 480w\" sizes=\"auto, (min-width: 0px) and (max-width: 480px) 480px, (min-width: 481px) and (max-width: 980px) 980px, (min-width: 981px) 1080px, 100vw\" \/><\/p>\n<p><strong>25 Ferdar f. 2017<\/strong><\/p>\n<p>e. Kornvin Freidig u. Gr\u00e5lind<br \/>\nOppdrettar: Kari Anne Indreb\u00f8<br \/>\nEigar: Kjersti og Jon Ole Botnevik, Kari Tr\u00e6en \u00d8vsteb\u00f8<\/p>\n<p>7-6,5-6,5-7-7<br \/>\nIkkje premiert<\/p>\n<p><img loading=\"lazy\" decoding=\"async\" class=\"aligncenter size-full wp-image-8613\" src=\"https:\/\/fjordhest.net\/blogg\/wp-content\/uploads\/2021\/05\/IMG_4024web.jpg\" alt=\"\" width=\"1080\" height=\"789\" srcset=\"https:\/\/fjordhest.net\/blogg\/wp-content\/uploads\/2021\/05\/IMG_4024web.jpg 1080w, https:\/\/fjordhest.net\/blogg\/wp-content\/uploads\/2021\/05\/IMG_4024web-980x716.jpg 980w, https:\/\/fjordhest.net\/blogg\/wp-content\/uploads\/2021\/05\/IMG_4024web-480x351.jpg 480w\" sizes=\"auto, (min-width: 0px) and (max-width: 480px) 480px, (min-width: 481px) and (max-width: 980px) 980px, (min-width: 981px) 1080px, 100vw\" \/><\/p>\n<p><strong>26 Birkelid Owen f. 2017<\/strong><\/p>\n<p>e. Lavrans u. Birkelid Oda<br \/>\nOppdrettar: Vidar og Jorunn Heggheim<br \/>\nEigar: Janne Seilen og Jonas Vevle<\/p>\n<p>9,5-9-7,5-9-9<br \/>\n1. premie I kval<br \/>\nBeste utvida brukspr\u00f8ve<\/p>\n<p><img loading=\"lazy\" decoding=\"async\" class=\"aligncenter size-full wp-image-8618\" src=\"https:\/\/fjordhest.net\/blogg\/wp-content\/uploads\/2021\/05\/IMG_4779web.jpg\" alt=\"\" width=\"1080\" height=\"857\" srcset=\"https:\/\/fjordhest.net\/blogg\/wp-content\/uploads\/2021\/05\/IMG_4779web.jpg 1080w, https:\/\/fjordhest.net\/blogg\/wp-content\/uploads\/2021\/05\/IMG_4779web-980x778.jpg 980w, https:\/\/fjordhest.net\/blogg\/wp-content\/uploads\/2021\/05\/IMG_4779web-480x381.jpg 480w\" sizes=\"auto, (min-width: 0px) and (max-width: 480px) 480px, (min-width: 481px) and (max-width: 980px) 980px, (min-width: 981px) 1080px, 100vw\" \/><\/p>\n<p><strong>27 Sankt Hallvard f. 2017<\/strong><\/p>\n<p>e. Lavrans u. Nidarrosa<br \/>\nOppdrettar: Anne-Karin, Nils og Kjell H\u00f8galmen<br \/>\nEigar: Odd Eriksen<\/p>\n<p>8-8-7-7,5-7,5<br \/>\n3. premie<\/p>\n<p><img loading=\"lazy\" decoding=\"async\" class=\"aligncenter size-full wp-image-8619\" src=\"https:\/\/fjordhest.net\/blogg\/wp-content\/uploads\/2021\/05\/IMG_4929web.jpg\" alt=\"\" width=\"1080\" height=\"829\" srcset=\"https:\/\/fjordhest.net\/blogg\/wp-content\/uploads\/2021\/05\/IMG_4929web.jpg 1080w, https:\/\/fjordhest.net\/blogg\/wp-content\/uploads\/2021\/05\/IMG_4929web-980x752.jpg 980w, https:\/\/fjordhest.net\/blogg\/wp-content\/uploads\/2021\/05\/IMG_4929web-480x368.jpg 480w\" sizes=\"auto, (min-width: 0px) and (max-width: 480px) 480px, (min-width: 481px) and (max-width: 980px) 980px, (min-width: 981px) 1080px, 100vw\" \/><\/p>\n<p><strong>28 Torheims Titan f. 2017<\/strong><\/p>\n<p>e. Lavrans u. Mykr\u00e5<br \/>\nEigar og oppdrettar: Rut Ane Torheim<\/p>\n<p>7,5-7-6,5-7,5-7<br \/>\nIkkje premiert<\/p>\n<p><img loading=\"lazy\" decoding=\"async\" class=\"aligncenter size-full wp-image-8617\" src=\"https:\/\/fjordhest.net\/blogg\/wp-content\/uploads\/2021\/05\/IMG_4740web.jpg\" alt=\"\" width=\"1080\" height=\"913\" srcset=\"https:\/\/fjordhest.net\/blogg\/wp-content\/uploads\/2021\/05\/IMG_4740web.jpg 1080w, https:\/\/fjordhest.net\/blogg\/wp-content\/uploads\/2021\/05\/IMG_4740web-980x828.jpg 980w, https:\/\/fjordhest.net\/blogg\/wp-content\/uploads\/2021\/05\/IMG_4740web-480x406.jpg 480w\" sizes=\"auto, (min-width: 0px) and (max-width: 480px) 480px, (min-width: 481px) and (max-width: 980px) 980px, (min-width: 981px) 1080px, 100vw\" \/><\/p>\n<p><strong>Klasse 2B<\/strong><\/p>\n<p><strong>29 Sundedalens S\u00e5 Kjekk f. 2017<\/strong><\/p>\n<p>e. Kuling u. Lyheims Stjerneskudd<br \/>\nOppdrettar: Lucinda B. Reksten<br \/>\nEigar: Ida-Elin R. Hansg\u00e5rd<\/p>\n<p>6-7-6,5-8-7<br \/>\nIkkje k\u00e5ra<\/p>\n<p><img loading=\"lazy\" decoding=\"async\" class=\"aligncenter size-full wp-image-8644\" src=\"https:\/\/fjordhest.net\/blogg\/wp-content\/uploads\/2021\/05\/IMG_8270web.jpg\" alt=\"\" width=\"1080\" height=\"880\" srcset=\"https:\/\/fjordhest.net\/blogg\/wp-content\/uploads\/2021\/05\/IMG_8270web.jpg 1080w, https:\/\/fjordhest.net\/blogg\/wp-content\/uploads\/2021\/05\/IMG_8270web-980x799.jpg 980w, https:\/\/fjordhest.net\/blogg\/wp-content\/uploads\/2021\/05\/IMG_8270web-480x391.jpg 480w\" sizes=\"auto, (min-width: 0px) and (max-width: 480px) 480px, (min-width: 481px) and (max-width: 980px) 980px, (min-width: 981px) 1080px, 100vw\" \/><\/p>\n<p><strong>Klasse 3<\/strong><\/p>\n<p><strong>30 Almes Kviten f. 2018<\/strong><\/p>\n<p>e. Alme Baronen u. S\u00f8lvduna<br \/>\nEigar og oppdrettar: Jorunn Alme<\/p>\n<p>8-8-8-8,5-8<br \/>\nK\u00e5ra V kval<\/p>\n<p><img loading=\"lazy\" decoding=\"async\" class=\"aligncenter size-full wp-image-8620\" src=\"https:\/\/fjordhest.net\/blogg\/wp-content\/uploads\/2021\/05\/IMG_5638web.jpg\" alt=\"\" width=\"1080\" height=\"844\" srcset=\"https:\/\/fjordhest.net\/blogg\/wp-content\/uploads\/2021\/05\/IMG_5638web.jpg 1080w, https:\/\/fjordhest.net\/blogg\/wp-content\/uploads\/2021\/05\/IMG_5638web-980x766.jpg 980w, https:\/\/fjordhest.net\/blogg\/wp-content\/uploads\/2021\/05\/IMG_5638web-480x375.jpg 480w\" sizes=\"auto, (min-width: 0px) and (max-width: 480px) 480px, (min-width: 481px) and (max-width: 980px) 980px, (min-width: 981px) 1080px, 100vw\" \/><\/p>\n<p><strong>31 Birkelid Odin f. 2018<\/strong><\/p>\n<p>e. Alme Baronen u. Birkelid Oda<br \/>\nOppdrettar: Vidar og Jorunn Heggheim<br \/>\nEigar: Vidar og Jorunn Heggheim, Dan Ole Alme<\/p>\n<p>9,5-9,5-8-9-9,5<br \/>\nK\u00e5ra I kval<\/p>\n<p><img loading=\"lazy\" decoding=\"async\" class=\"aligncenter size-full wp-image-8621\" src=\"https:\/\/fjordhest.net\/blogg\/wp-content\/uploads\/2021\/05\/IMG_5808web.jpg\" alt=\"\" width=\"1080\" height=\"891\" srcset=\"https:\/\/fjordhest.net\/blogg\/wp-content\/uploads\/2021\/05\/IMG_5808web.jpg 1080w, https:\/\/fjordhest.net\/blogg\/wp-content\/uploads\/2021\/05\/IMG_5808web-980x809.jpg 980w, https:\/\/fjordhest.net\/blogg\/wp-content\/uploads\/2021\/05\/IMG_5808web-480x396.jpg 480w\" sizes=\"auto, (min-width: 0px) and (max-width: 480px) 480px, (min-width: 481px) and (max-width: 980px) 980px, (min-width: 981px) 1080px, 100vw\" \/><\/p>\n<p><strong>32 Vassli\u00e5s Bruse f. 2018<\/strong><\/p>\n<p>e. Birkelid Nimo u. Jakobgardens Bella<br \/>\nOppdrettar: Oddvar Vassli\u00e5s<br \/>\nEigar: Oddvar Vassli\u00e5s og Hanne Thue<\/p>\n<p>8-7,5-7,5-7,5-7,5<br \/>\nK\u00e5ra<\/p>\n<p><img loading=\"lazy\" decoding=\"async\" class=\"aligncenter size-full wp-image-8622\" src=\"https:\/\/fjordhest.net\/blogg\/wp-content\/uploads\/2021\/05\/IMG_6003web.jpg\" alt=\"\" width=\"1080\" height=\"876\" srcset=\"https:\/\/fjordhest.net\/blogg\/wp-content\/uploads\/2021\/05\/IMG_6003web.jpg 1080w, https:\/\/fjordhest.net\/blogg\/wp-content\/uploads\/2021\/05\/IMG_6003web-980x795.jpg 980w, https:\/\/fjordhest.net\/blogg\/wp-content\/uploads\/2021\/05\/IMG_6003web-480x389.jpg 480w\" sizes=\"auto, (min-width: 0px) and (max-width: 480px) 480px, (min-width: 481px) and (max-width: 980px) 980px, (min-width: 981px) 1080px, 100vw\" \/><\/p>\n<p><strong>33 Askfinn f. 2018<\/strong><\/p>\n<p>e. Fjell Finn u. R\u00e5ds Silja<br \/>\nOppdrettar: Magne Aske<br \/>\nEigar: Svein Erik Hafstad og Magne Aske<\/p>\n<p>8-8-8-9-8<br \/>\nK\u00e5ra IV kval<\/p>\n<p><img loading=\"lazy\" decoding=\"async\" class=\"aligncenter size-full wp-image-8623\" src=\"https:\/\/fjordhest.net\/blogg\/wp-content\/uploads\/2021\/05\/IMG_6035web.jpg\" alt=\"\" width=\"1080\" height=\"875\" srcset=\"https:\/\/fjordhest.net\/blogg\/wp-content\/uploads\/2021\/05\/IMG_6035web.jpg 1080w, https:\/\/fjordhest.net\/blogg\/wp-content\/uploads\/2021\/05\/IMG_6035web-980x794.jpg 980w, https:\/\/fjordhest.net\/blogg\/wp-content\/uploads\/2021\/05\/IMG_6035web-480x389.jpg 480w\" sizes=\"auto, (min-width: 0px) and (max-width: 480px) 480px, (min-width: 481px) and (max-width: 980px) 980px, (min-width: 981px) 1080px, 100vw\" \/><\/p>\n<p><strong>34 Herstads Joar f. 2018<\/strong><\/p>\n<p>e. Fjell Finn u. Helgvild<br \/>\nEigar og oppdrettar: Arild Herstad<\/p>\n<p>7-7-6,5-7,5-7<br \/>\nIkkje k\u00e5ra<\/p>\n<p><img loading=\"lazy\" decoding=\"async\" class=\"aligncenter size-full wp-image-8624\" src=\"https:\/\/fjordhest.net\/blogg\/wp-content\/uploads\/2021\/05\/IMG_6148web.jpg\" alt=\"\" width=\"1080\" height=\"847\" srcset=\"https:\/\/fjordhest.net\/blogg\/wp-content\/uploads\/2021\/05\/IMG_6148web.jpg 1080w, https:\/\/fjordhest.net\/blogg\/wp-content\/uploads\/2021\/05\/IMG_6148web-980x769.jpg 980w, https:\/\/fjordhest.net\/blogg\/wp-content\/uploads\/2021\/05\/IMG_6148web-480x376.jpg 480w\" sizes=\"auto, (min-width: 0px) and (max-width: 480px) 480px, (min-width: 481px) and (max-width: 980px) 980px, (min-width: 981px) 1080px, 100vw\" \/><\/p>\n<p><strong>35 Lyksets Monark f. 2018<\/strong><\/p>\n<p>e. Fjellfinn u. Brunm\u00f8y<br \/>\nEigar og oppdrettar: Kristine og Lars \u00d8stby-Deglum<\/p>\n<p>7-7-6,5-7,5-7<br \/>\nIkkje k\u00e5ra<\/p>\n<p><img loading=\"lazy\" decoding=\"async\" class=\"aligncenter size-full wp-image-8625\" src=\"https:\/\/fjordhest.net\/blogg\/wp-content\/uploads\/2021\/05\/IMG_6314web.jpg\" alt=\"\" width=\"1080\" height=\"807\" srcset=\"https:\/\/fjordhest.net\/blogg\/wp-content\/uploads\/2021\/05\/IMG_6314web.jpg 1080w, https:\/\/fjordhest.net\/blogg\/wp-content\/uploads\/2021\/05\/IMG_6314web-980x732.jpg 980w, https:\/\/fjordhest.net\/blogg\/wp-content\/uploads\/2021\/05\/IMG_6314web-480x359.jpg 480w\" sizes=\"auto, (min-width: 0px) and (max-width: 480px) 480px, (min-width: 481px) and (max-width: 980px) 980px, (min-width: 981px) 1080px, 100vw\" \/><\/p>\n<p><strong>36 Bl\u00e5topps Lasse f. 2018<\/strong><\/p>\n<p>e. Heggnes Balder u. Lana Skov\u00e5<br \/>\nOppdrettar: Annike Mikkelsen<br \/>\nEigar: Rebekka Helgesen<\/p>\n<p>7-7-7-7,5-7<br \/>\nIkkje k\u00e5ra<\/p>\n<p><img loading=\"lazy\" decoding=\"async\" class=\"aligncenter size-full wp-image-8626\" src=\"https:\/\/fjordhest.net\/blogg\/wp-content\/uploads\/2021\/05\/IMG_6604web.jpg\" alt=\"\" width=\"1080\" height=\"852\" srcset=\"https:\/\/fjordhest.net\/blogg\/wp-content\/uploads\/2021\/05\/IMG_6604web.jpg 1080w, https:\/\/fjordhest.net\/blogg\/wp-content\/uploads\/2021\/05\/IMG_6604web-980x773.jpg 980w, https:\/\/fjordhest.net\/blogg\/wp-content\/uploads\/2021\/05\/IMG_6604web-480x379.jpg 480w\" sizes=\"auto, (min-width: 0px) and (max-width: 480px) 480px, (min-width: 481px) and (max-width: 980px) 980px, (min-width: 981px) 1080px, 100vw\" \/><\/p>\n<p>37 Viking Fjord f. 2018<\/p>\n<p>e. Heggnes Balder u. Nidarrosa<br \/>\nOppdrettar: Anne-Karin, Nils Roger og Kjell Erik H\u00f8galmen<br \/>\nEigar: Hilde Kristin og B\u00f8rge Strandos, Asle Espe<\/p>\n<p>8,5-8,5-8-8,5-8,5<br \/>\nK\u00e5ra II kval<\/p>\n<p><img loading=\"lazy\" decoding=\"async\" class=\"aligncenter size-full wp-image-8627\" src=\"https:\/\/fjordhest.net\/blogg\/wp-content\/uploads\/2021\/05\/IMG_6706web.jpg\" alt=\"\" width=\"1080\" height=\"890\" srcset=\"https:\/\/fjordhest.net\/blogg\/wp-content\/uploads\/2021\/05\/IMG_6706web.jpg 1080w, https:\/\/fjordhest.net\/blogg\/wp-content\/uploads\/2021\/05\/IMG_6706web-980x808.jpg 980w, https:\/\/fjordhest.net\/blogg\/wp-content\/uploads\/2021\/05\/IMG_6706web-480x396.jpg 480w\" sizes=\"auto, (min-width: 0px) and (max-width: 480px) 480px, (min-width: 481px) and (max-width: 980px) 980px, (min-width: 981px) 1080px, 100vw\" \/><\/p>\n<p><strong>38 \u00c5r\u00f8y Elvin f. 2018<\/strong><\/p>\n<p>e. Heggnes Balder u. \u00c5r\u00f8y Evina<br \/>\nEigar og oppdrettar: Linda Beate Svoren<\/p>\n<p>7-7-7-7,5-7<br \/>\nIkkje k\u00e5ra<\/p>\n<p><img loading=\"lazy\" decoding=\"async\" class=\"aligncenter size-full wp-image-8628\" src=\"https:\/\/fjordhest.net\/blogg\/wp-content\/uploads\/2021\/05\/IMG_6822web.jpg\" alt=\"\" width=\"1080\" height=\"827\" srcset=\"https:\/\/fjordhest.net\/blogg\/wp-content\/uploads\/2021\/05\/IMG_6822web.jpg 1080w, https:\/\/fjordhest.net\/blogg\/wp-content\/uploads\/2021\/05\/IMG_6822web-980x750.jpg 980w, https:\/\/fjordhest.net\/blogg\/wp-content\/uploads\/2021\/05\/IMG_6822web-480x368.jpg 480w\" sizes=\"auto, (min-width: 0px) and (max-width: 480px) 480px, (min-width: 481px) and (max-width: 980px) 980px, (min-width: 981px) 1080px, 100vw\" \/><\/p>\n<p><strong>39 Heimann Are f. 2018<\/strong><\/p>\n<p>e. Herlig u. Skogheims Rosalin<br \/>\nEigar og oppdrettar: Jan Are<\/p>\n<p>7,5-7,5-6,5-6-7<br \/>\nIkkje k\u00e5ra<\/p>\n<p><img loading=\"lazy\" decoding=\"async\" class=\"aligncenter size-full wp-image-8629\" src=\"https:\/\/fjordhest.net\/blogg\/wp-content\/uploads\/2021\/05\/IMG_6828web.jpg\" alt=\"\" width=\"1080\" height=\"873\" srcset=\"https:\/\/fjordhest.net\/blogg\/wp-content\/uploads\/2021\/05\/IMG_6828web.jpg 1080w, https:\/\/fjordhest.net\/blogg\/wp-content\/uploads\/2021\/05\/IMG_6828web-980x792.jpg 980w, https:\/\/fjordhest.net\/blogg\/wp-content\/uploads\/2021\/05\/IMG_6828web-480x388.jpg 480w\" sizes=\"auto, (min-width: 0px) and (max-width: 480px) 480px, (min-width: 481px) and (max-width: 980px) 980px, (min-width: 981px) 1080px, 100vw\" \/><\/p>\n<p><strong>40 Tendens Rokky f. 2018<\/strong><\/p>\n<p>e. Kuling u. Kleivenes Eira<br \/>\nOppdrettar: Helene Rosenblad<br \/>\nEigar: Ulrik Tenden og Janne Alsaker<\/p>\n<p>7-6,5-7-6,5-7<br \/>\nIkkje k\u00e5ra<\/p>\n<p><img loading=\"lazy\" decoding=\"async\" class=\"aligncenter size-full wp-image-8630\" src=\"https:\/\/fjordhest.net\/blogg\/wp-content\/uploads\/2021\/05\/IMG_6875web.jpg\" alt=\"\" width=\"1080\" height=\"789\" srcset=\"https:\/\/fjordhest.net\/blogg\/wp-content\/uploads\/2021\/05\/IMG_6875web.jpg 1080w, https:\/\/fjordhest.net\/blogg\/wp-content\/uploads\/2021\/05\/IMG_6875web-980x716.jpg 980w, https:\/\/fjordhest.net\/blogg\/wp-content\/uploads\/2021\/05\/IMG_6875web-480x351.jpg 480w\" sizes=\"auto, (min-width: 0px) and (max-width: 480px) 480px, (min-width: 481px) and (max-width: 980px) 980px, (min-width: 981px) 1080px, 100vw\" \/><\/p>\n<p>41 Langedrags Mykle f. 2018<\/p>\n<p>e. Myklemann u. Langedrags Hekla<br \/>\nEigar og oppdrettar: Langedrag Naturpark<\/p>\n<p>7-6,5-6-7-6,5<br \/>\nIkkje k\u00e5ra<\/p>\n<p><img loading=\"lazy\" decoding=\"async\" class=\"aligncenter size-full wp-image-8631\" src=\"https:\/\/fjordhest.net\/blogg\/wp-content\/uploads\/2021\/05\/IMG_6914web.jpg\" alt=\"\" width=\"1080\" height=\"822\" srcset=\"https:\/\/fjordhest.net\/blogg\/wp-content\/uploads\/2021\/05\/IMG_6914web.jpg 1080w, https:\/\/fjordhest.net\/blogg\/wp-content\/uploads\/2021\/05\/IMG_6914web-980x746.jpg 980w, https:\/\/fjordhest.net\/blogg\/wp-content\/uploads\/2021\/05\/IMG_6914web-480x365.jpg 480w\" sizes=\"auto, (min-width: 0px) and (max-width: 480px) 480px, (min-width: 481px) and (max-width: 980px) 980px, (min-width: 981px) 1080px, 100vw\" \/><\/p>\n<p><strong>42 Alsli Haukjo<\/strong><\/p>\n<p>e. Rudsmo Robin u. L\u00f8vstad Vinja<br \/>\nEigar og oppdrettar: Miriam Alsli<\/p>\n<p>6,5-7-7-7,5-7<br \/>\nIkkje k\u00e5ra<\/p>\n<p><img loading=\"lazy\" decoding=\"async\" class=\"aligncenter size-full wp-image-8632\" src=\"https:\/\/fjordhest.net\/blogg\/wp-content\/uploads\/2021\/05\/IMG_7236web.jpg\" alt=\"\" width=\"1080\" height=\"826\" srcset=\"https:\/\/fjordhest.net\/blogg\/wp-content\/uploads\/2021\/05\/IMG_7236web.jpg 1080w, https:\/\/fjordhest.net\/blogg\/wp-content\/uploads\/2021\/05\/IMG_7236web-980x750.jpg 980w, https:\/\/fjordhest.net\/blogg\/wp-content\/uploads\/2021\/05\/IMG_7236web-480x367.jpg 480w\" sizes=\"auto, (min-width: 0px) and (max-width: 480px) 480px, (min-width: 481px) and (max-width: 980px) 980px, (min-width: 981px) 1080px, 100vw\" \/><\/p>\n<p><strong>43 Solhaugens Perfekt<\/strong><\/p>\n<p>e. Rudsmo R\u00e5ssar u. Villrose<br \/>\n<span id=\"ctl00_MainRegion_horseInfo_lblOppdretterLedetekst\" class=\"ledetekst\">Oppdrettar: <\/span><span id=\"ctl00_MainRegion_horseInfo_lblOppdretter\">Maria Helen Tandstad<br \/>\n<\/span>Eigar: <span id=\"ctl00_MainRegion_horseInfo_lblEier\">Tor M. Dyrhaug og Herman \u00c5. Lindberg<\/span><\/p>\n<p>7-7,5-7-6,5-7<br \/>\nIkkje k\u00e5ra<\/p>\n<p><img loading=\"lazy\" decoding=\"async\" class=\"aligncenter size-full wp-image-8633\" src=\"https:\/\/fjordhest.net\/blogg\/wp-content\/uploads\/2021\/05\/IMG_7370web.jpg\" alt=\"\" width=\"1080\" height=\"831\" srcset=\"https:\/\/fjordhest.net\/blogg\/wp-content\/uploads\/2021\/05\/IMG_7370web.jpg 1080w, https:\/\/fjordhest.net\/blogg\/wp-content\/uploads\/2021\/05\/IMG_7370web-980x754.jpg 980w, https:\/\/fjordhest.net\/blogg\/wp-content\/uploads\/2021\/05\/IMG_7370web-480x369.jpg 480w\" sizes=\"auto, (min-width: 0px) and (max-width: 480px) 480px, (min-width: 481px) and (max-width: 980px) 980px, (min-width: 981px) 1080px, 100vw\" \/><\/p>\n<p><strong>44 Myklemo Odin<\/strong><\/p>\n<p>e. Severin u. Lille Emma<br \/>\nOppdrettar: Even Myklebust<br \/>\nEigar: Even og Kai Robin Myklebust<\/p>\n<p>8-7-7,5-7-7,5<br \/>\nK\u00e5ra<\/p>\n<p><img loading=\"lazy\" decoding=\"async\" class=\"aligncenter size-full wp-image-8635\" src=\"https:\/\/fjordhest.net\/blogg\/wp-content\/uploads\/2021\/05\/IMG_7515web.jpg\" alt=\"\" width=\"1080\" height=\"785\" srcset=\"https:\/\/fjordhest.net\/blogg\/wp-content\/uploads\/2021\/05\/IMG_7515web.jpg 1080w, https:\/\/fjordhest.net\/blogg\/wp-content\/uploads\/2021\/05\/IMG_7515web-980x712.jpg 980w, https:\/\/fjordhest.net\/blogg\/wp-content\/uploads\/2021\/05\/IMG_7515web-480x349.jpg 480w\" sizes=\"auto, (min-width: 0px) and (max-width: 480px) 480px, (min-width: 481px) and (max-width: 980px) 980px, (min-width: 981px) 1080px, 100vw\" \/><\/p>\n<p>45 R\u00e5tassen f. 2018<\/p>\n<p>e. S\u00f8ljo u. Eisy<br \/>\nOppdrettar: Veronika og Bj\u00f8rn Aardal<br \/>\nEigar: Runa Smedsmo og Bj\u00f8rn Aardal<\/p>\n<p>8-9-7-9-8,5<br \/>\nK\u00e5ra III kval<\/p>\n<p><img loading=\"lazy\" decoding=\"async\" class=\"aligncenter size-full wp-image-8634\" src=\"https:\/\/fjordhest.net\/blogg\/wp-content\/uploads\/2021\/05\/IMG_7423web.jpg\" alt=\"\" width=\"1080\" height=\"818\" srcset=\"https:\/\/fjordhest.net\/blogg\/wp-content\/uploads\/2021\/05\/IMG_7423web.jpg 1080w, https:\/\/fjordhest.net\/blogg\/wp-content\/uploads\/2021\/05\/IMG_7423web-980x742.jpg 980w, https:\/\/fjordhest.net\/blogg\/wp-content\/uploads\/2021\/05\/IMG_7423web-480x364.jpg 480w\" sizes=\"auto, (min-width: 0px) and (max-width: 480px) 480px, (min-width: 481px) and (max-width: 980px) 980px, (min-width: 981px) 1080px, 100vw\" \/><\/p>\n<p><strong>46 Feedts S\u00f8ljo<\/strong><\/p>\n<p>e. S\u00f8lrei u. Feedts Linda<br \/>\nOppdrettar: Samson Feedt<br \/>\nEigar: Langedrag Naturpark<\/p>\n<p>7-7-7-6,5-7<br \/>\nIkkje k\u00e5ra<\/p>\n<p><img loading=\"lazy\" decoding=\"async\" class=\"aligncenter size-full wp-image-8636\" src=\"https:\/\/fjordhest.net\/blogg\/wp-content\/uploads\/2021\/05\/IMG_7546web.jpg\" alt=\"\" width=\"1080\" height=\"805\" srcset=\"https:\/\/fjordhest.net\/blogg\/wp-content\/uploads\/2021\/05\/IMG_7546web.jpg 1080w, https:\/\/fjordhest.net\/blogg\/wp-content\/uploads\/2021\/05\/IMG_7546web-980x730.jpg 980w, https:\/\/fjordhest.net\/blogg\/wp-content\/uploads\/2021\/05\/IMG_7546web-480x358.jpg 480w\" sizes=\"auto, (min-width: 0px) and (max-width: 480px) 480px, (min-width: 481px) and (max-width: 980px) 980px, (min-width: 981px) 1080px, 100vw\" \/><\/p>\n<p><strong>47 Blikra Snes<\/strong><\/p>\n<p>e. Tord Dorteson u. Nordbustad Guro<br \/>\nEigar og oppdrettar: Gurine Blikra<\/p>\n<p>6-8-6,5-7-7<br \/>\nIkkje k\u00e5ra<\/p>\n<p><img loading=\"lazy\" decoding=\"async\" class=\"aligncenter size-full wp-image-8637\" src=\"https:\/\/fjordhest.net\/blogg\/wp-content\/uploads\/2021\/05\/IMG_7685web.jpg\" alt=\"\" width=\"1080\" height=\"781\" srcset=\"https:\/\/fjordhest.net\/blogg\/wp-content\/uploads\/2021\/05\/IMG_7685web.jpg 1080w, https:\/\/fjordhest.net\/blogg\/wp-content\/uploads\/2021\/05\/IMG_7685web-980x709.jpg 980w, https:\/\/fjordhest.net\/blogg\/wp-content\/uploads\/2021\/05\/IMG_7685web-480x347.jpg 480w\" sizes=\"auto, (min-width: 0px) and (max-width: 480px) 480px, (min-width: 481px) and (max-width: 980px) 980px, (min-width: 981px) 1080px, 100vw\" \/><\/p>\n","protected":false},"excerpt":{"rendered":"<p>45 hingstar vart vist p\u00e5 hingsteutstillinga p\u00e5 Nordfjordeid i 2021. Her finn du oversikt over alle hingstane med karakterar og k\u00e5rings- eller premiegrad. Klasse 1a 1 Myras Viking f. 2008 e. Rossmann u. Vestrejenta Oppdrettar: Ingrid Aarnes Eigar: Kjersti Rypdal Vik og \u00d8ystein Gjul 8-7,5-7-7,5-7,5 3. premie 2 S\u00f8lrei f. 2012 e. Reimar u. Engja [&hellip;]<\/p>\n","protected":false},"author":2,"featured_media":8621,"comment_status":"open","ping_status":"open","sticky":false,"template":"","format":"standard","meta":{"_et_pb_use_builder":"","_et_pb_old_content":"","_et_gb_content_width":"","_exactmetrics_skip_tracking":false,"_exactmetrics_sitenote_active":false,"_exactmetrics_sitenote_note":"","_exactmetrics_sitenote_category":0,"footnotes":""},"categories":[40],"tags":[],"class_list":["post-8645","post","type-post","status-publish","format-standard","has-post-thumbnail","hentry","category-hingsteutstillinga"],"_links":{"self":[{"href":"https:\/\/fjordhest.net\/blogg\/wp-json\/wp\/v2\/posts\/8645","targetHints":{"allow":["GET"]}}],"collection":[{"href":"https:\/\/fjordhest.net\/blogg\/wp-json\/wp\/v2\/posts"}],"about":[{"href":"https:\/\/fjordhest.net\/blogg\/wp-json\/wp\/v2\/types\/post"}],"author":[{"embeddable":true,"href":"https:\/\/fjordhest.net\/blogg\/wp-json\/wp\/v2\/users\/2"}],"replies":[{"embeddable":true,"href":"https:\/\/fjordhest.net\/blogg\/wp-json\/wp\/v2\/comments?post=8645"}],"version-history":[{"count":5,"href":"https:\/\/fjordhest.net\/blogg\/wp-json\/wp\/v2\/posts\/8645\/revisions"}],"predecessor-version":[{"id":8650,"href":"https:\/\/fjordhest.net\/blogg\/wp-json\/wp\/v2\/posts\/8645\/revisions\/8650"}],"wp:featuredmedia":[{"embeddable":true,"href":"https:\/\/fjordhest.net\/blogg\/wp-json\/wp\/v2\/media\/8621"}],"wp:attachment":[{"href":"https:\/\/fjordhest.net\/blogg\/wp-json\/wp\/v2\/media?parent=8645"}],"wp:term":[{"taxonomy":"category","embeddable":true,"href":"https:\/\/fjordhest.net\/blogg\/wp-json\/wp\/v2\/categories?post=8645"},{"taxonomy":"post_tag","embeddable":true,"href":"https:\/\/fjordhest.net\/blogg\/wp-json\/wp\/v2\/tags?post=8645"}],"curies":[{"name":"wp","href":"https:\/\/api.w.org\/{rel}","templated":true}]}}